{"id":2940,"date":"2020-05-30T02:49:21","date_gmt":"2020-05-30T02:49:21","guid":{"rendered":"http:\/\/www.impactohuasteco.com\/?p=2940"},"modified":"2020-05-30T02:49:21","modified_gmt":"2020-05-30T02:49:21","slug":"buscan-sacar-raja-politica-involucrandome-en-asesinato-de-la-periodista-maria-elena-ferral-basilio-picasso","status":"publish","type":"post","link":"http:\/\/www.impactohuasteco.com\/?p=2940","title":{"rendered":"BUSCAN SACAR RAJA POL\u00cdTICA INVOLUCR\u00c1NDOME EN ASESINATO DE LA PERIODISTA MAR\u00cdA ELENA FERRAL: BASILIO PICASSO"},"content":{"rendered":"<ul>\n<li><strong>Ni me he amparado ni ando escondi\u00e9ndome, si me citan, rendir\u00e9 mi declaraci\u00f3n, se\u00f1ala el exalcalde de Coyutla.<\/strong><strong><br \/>\n<\/strong><\/p>\n<p>Irineo P\u00e9rez Melo.- 28 de Mayo del 2020. \u00a0\u201cNi me he amparado ni me ando escondiendo, si las autoridades ministeriales correspondientes me citan, acudir\u00e9 a rendir mi declaraci\u00f3n (en torno al asesinato de la periodista Mar\u00eda Elena Ferral)\u201d, asegur\u00f3 el exdiputado local por el distrito de Papantla y exalcalde de Coyutla, Basilio Picasso P\u00e9rez.<\/p>\n<p>Entrevistado sobre este tema, en la cual se le acusa de ser el autor intelectual del atentado en el que perdi\u00f3 la vida posteriormente quien fuera la corresponsal del Diario de Xalapa en la zona de Papantla y directora del portal Quinto Poder ocurrido el pasado 30 de marzo del a\u00f1o en curso, se\u00f1alando que este asunto se politiz\u00f3; \u201cno es lo mismo especular a lo que en realmente cierto\u201d, a\u00f1adi\u00f3.<br \/>\n<a href=\"http:\/\/www.impactohuasteco.com\/wp-content\/uploads\/2020\/05\/thumbnail_BASILIO-PICASSO.jpg\"><img loading=\"lazy\" class=\"alignleft size-medium wp-image-2942\" src=\"http:\/\/www.impactohuasteco.com\/wp-content\/uploads\/2020\/05\/thumbnail_BASILIO-PICASSO-257x300.jpg\" alt=\"\" width=\"257\" height=\"300\" \/><\/a><br \/>\nY explica:<\/p>\n<p>\u201cMe han acusado de todo lo que sucede en esta zona (del Totonacapan). Usted me conoce, ya fui alcalde de mi municipio y diputado local por el Distrito de Papantla, y he trabajado de cerca con los ind\u00edgenas, maestros, artesanos, comerciantes formales e informales, y transportistas, etc\u00e9tera\u201d, puntualiz\u00f3.<\/p>\n<p>Insisti\u00f3 que lo han involucrado en este asunto para sacar raja pol\u00edtica, por lo que reiter\u00f3 que si las autoridades ministeriales lo citan, \u201ccon mucho gusto acudir\u00e9 a rendir mi declaraci\u00f3n\u201d.<\/p>\n<p>Indic\u00f3 que desde que dej\u00f3 la diputaci\u00f3n local se ha mantenido al margen de las actividades pol\u00edticas y actualmente se dedica a sus negocios particulares, como es la ganader\u00eda y el comercio, entre otras cosas.<\/p>\n<p>Dijo que cuando tuvo conocimiento del atentado y posterior fallecimiento de Mar\u00eda Elena, sinti\u00f3 consternaci\u00f3n por su deceso, a pesar de las diferencias que por la labor que ambos desarrollaban, manten\u00edan una relaci\u00f3n cordial, como la que sostiene con varios comunicadores de la zona.<\/p>\n<p>Por tal motivo, pidi\u00f3 a todas esas personas que le se\u00f1alan de ser el autor intelectual de este atentado, que mejor lo ventilen y aporten pruebas en la carpeta de investigaci\u00f3n que sigue la Fiscal\u00eda General del Estado, \u201cde esta manera cooperamos en el esclarecimiento de este tema\u201d.<\/p>\n<p>\u201cSi fuera culpable no estar\u00eda permitiendo esta entrevista, ya estar\u00eda pr\u00f3fugo de la justicia, pero no, aqu\u00ed estoy y estar\u00e9 siempre para hacer frente a todas esas acusaciones que me han endilgado\u201d, reiter\u00f3.<\/p>\n<p>Y abunda que el atentado que sufri\u00f3 el pasado 25 de mayo del a\u00f1o en curso su hija de Mar\u00eda Fernanda de Luna\u00a0Ferral,\u00a0\u201ctambi\u00e9n\u00a0me echaran la culpa,\u00a0\u00bfqu\u00e9\u00a0acaso no existen otras personas\u201d, pregunt\u00f3.<\/p>\n<p>Finalmente, pidi\u00f3 a las autoridades correspondientes llegar hasta las \u00faltimas consecuencias en torno a los sucesos que han enlutado varios hogares de la regi\u00f3n del Totonacapan, se\u00f1al\u00f3 por \u00faltimo<\/li>\n<\/ul>\n<p>&nbsp;<\/p>\n","protected":false},"excerpt":{"rendered":"<p>Ni me he amparado ni ando escondi\u00e9ndome, si me citan, rendir\u00e9 mi declaraci\u00f3n, se\u00f1ala el exalcalde de Coyutla. Irineo P\u00e9rez Melo.- 28 de Mayo del 2020. \u00a0\u201cNi me he amparado ni me ando escondiendo, si las autoridades ministeriales correspondientes me citan, acudir\u00e9 a rendir mi declaraci\u00f3n (en torno al asesinato de la periodista Mar\u00eda Elena Ferral)\u201d, asegur\u00f3 el exdiputado local por el distrito de Papantla y exalcalde de Coyutla, Basilio Picasso P\u00e9rez. Entrevistado sobre este tema, en la cual se le acusa de ser el autor intelectual del atentado en el que perdi\u00f3 la vida posteriormente quien fuera la corresponsal [&hellip;]<\/p>\n","protected":false},"author":1,"featured_media":2941,"comment_status":"open","ping_status":"open","sticky":false,"template":"","format":"standard","meta":[],"categories":[11],"tags":[],"_links":{"self":[{"href":"http:\/\/www.impactohuasteco.com\/index.php?rest_route=\/wp\/v2\/posts\/2940"}],"collection":[{"href":"http:\/\/www.impactohuasteco.com\/index.php?rest_route=\/wp\/v2\/posts"}],"about":[{"href":"http:\/\/www.impactohuasteco.com\/index.php?rest_route=\/wp\/v2\/types\/post"}],"author":[{"embeddable":true,"href":"http:\/\/www.impactohuasteco.com\/index.php?rest_route=\/wp\/v2\/users\/1"}],"replies":[{"embeddable":true,"href":"http:\/\/www.impactohuasteco.com\/index.php?rest_route=%2Fwp%2Fv2%2Fcomments&post=2940"}],"version-history":[{"count":1,"href":"http:\/\/www.impactohuasteco.com\/index.php?rest_route=\/wp\/v2\/posts\/2940\/revisions"}],"predecessor-version":[{"id":2943,"href":"http:\/\/www.impactohuasteco.com\/index.php?rest_route=\/wp\/v2\/posts\/2940\/revisions\/2943"}],"wp:featuredmedia":[{"embeddable":true,"href":"http:\/\/www.impactohuasteco.com\/index.php?rest_route=\/wp\/v2\/media\/2941"}],"wp:attachment":[{"href":"http:\/\/www.impactohuasteco.com\/index.php?rest_route=%2Fwp%2Fv2%2Fmedia&parent=2940"}],"wp:term":[{"taxonomy":"category","embeddable":true,"href":"http:\/\/www.impactohuasteco.com\/index.php?rest_route=%2Fwp%2Fv2%2Fcategories&post=2940"},{"taxonomy":"post_tag","embeddable":true,"href":"http:\/\/www.impactohuasteco.com\/index.php?rest_route=%2Fwp%2Fv2%2Ftags&post=2940"}],"curies":[{"name":"wp","href":"https:\/\/api.w.org\/{rel}","templated":true}]}}