{"id":3013,"date":"2020-06-01T02:51:24","date_gmt":"2020-06-01T02:51:24","guid":{"rendered":"http:\/\/www.impactohuasteco.com\/?p=3013"},"modified":"2020-06-01T02:51:24","modified_gmt":"2020-06-01T02:51:24","slug":"plan-de-recuperacion-economica-del-pais-fin-del-reinicio-de-giras-de-amlo","status":"publish","type":"post","link":"http:\/\/www.impactohuasteco.com\/?p=3013","title":{"rendered":"PLAN DE RECUPERACI\u00d3N ECON\u00d3MICA DEL PA\u00cdS, FIN DEL REINICIO DE GIRAS DE AMLO"},"content":{"rendered":"<ul>\n<li><strong>El sureste mexicano motor de esta estrategia por los grandes proyectos de inversi\u00f3n con impacto internacional: Manuel Huerta.<\/strong><strong><br \/>\n<\/strong><\/p>\n<p>Irineo P\u00e9rez Melo. 31 de Mayo del 2020 El reinicio de giras de trabajo del presidente Andr\u00e9s Manuel L\u00f3pez Obrador, a partir de este lunes, tiene el prop\u00f3sito de cumplir el plan de recuperaci\u00f3n econ\u00f3mica del pa\u00eds y el sureste es el motor de esta estrategia con grandes proyectos de inversi\u00f3n que tendr\u00e1n un impacto productivo no solo en la regi\u00f3n, sino a nivel internacional.<\/p>\n<p>As\u00ed lo dio a conocer Manuel Huerta Ladr\u00f3n de Guevara, delegado federal de Programas Integrales de Desarrollo en el estado, quien dijo que no es casualidad que su regreso a las actividades de su gobierno sea en regi\u00f3n del Sureste de la Rep\u00fablica Mexicana.<br \/>\n<a href=\"http:\/\/www.impactohuasteco.com\/wp-content\/uploads\/2020\/06\/Sin-t\u00edtulo-1-1.jpg\"><img loading=\"lazy\" class=\"alignleft size-medium wp-image-3015\" src=\"http:\/\/www.impactohuasteco.com\/wp-content\/uploads\/2020\/06\/Sin-t\u00edtulo-1-1-300x183.jpg\" alt=\"\" width=\"300\" height=\"183\" \/><\/a><br \/>\nEn entrevista, el funcionario federal record\u00f3 que la gira presidencial iniciar\u00e1 el lunes 1\u00ba de junio en Quintana Roo, Yucat\u00e1n, Campeche en el inicio de obras del Tren Maya.<\/p>\n<p>Indic\u00f3 que la ma\u00f1ana del viernes 5 en Tabasco en la nueva refiner\u00eda de Dos Bocas y por la tarde del mismo viernes asistir\u00e1 a conocer los avances de la ampliaci\u00f3n del puerto de Coatzacoalcos.<\/p>\n<p>Dio a conocer que el s\u00e1bado 7 supervisar\u00e1 los trabajos de un tren de refinaci\u00f3n en el complejo petroqu\u00edmico \u201cLa Cangrejera\u201d y de ah\u00ed a Minatitl\u00e1n, en la refiner\u00eda \u201cL\u00e1zaro C\u00e1rdenas\u201d.<\/p>\n<p>Para el domingo 8 estar\u00e1 en el inicio de la rehabilitaci\u00f3n de la v\u00eda del tren del Istmo que forma parte del proyecto del Corredor Trans\u00edsmico en la comunidad \u201cMedias Aguas\u201d de Sayula, con la cual concluir\u00e1 esta gira por el sureste de la Rep\u00fablica y el sur de Veracruz.<\/p>\n<p>El delegado de los programas bienestar en la entidad se\u00f1al\u00f3 que la actividad presidencial se inscribe en el reinicio de las actividades industriales de la miner\u00eda, construcci\u00f3n y automotriz.<\/p>\n<p>\u201cLas inversiones en estos mega-proyectos no solamente tendr\u00e1n impacto a nivel regional para la reactivaci\u00f3n econ\u00f3mica del pa\u00eds, sino tambi\u00e9n a nivel internacional, por lo que implica hacia el turismo el Tren Maya; el reacomodo en la producci\u00f3n de energ\u00eda con la refiner\u00eda Dos Bocas, y el Corredor Transistmico que acercar\u00e1 al Pac\u00edfico con el Atl\u00e1ntico no s\u00f3lo para el transporte de mercanc\u00edas, sino para potenciar el valor agregado a los productos del sureste\u201d, concluy\u00f3.<\/li>\n<\/ul>\n<p>&nbsp;<\/p>\n","protected":false},"excerpt":{"rendered":"<p>El sureste mexicano motor de esta estrategia por los grandes proyectos de inversi\u00f3n con impacto internacional: Manuel Huerta. Irineo P\u00e9rez Melo. 31 de Mayo del 2020 El reinicio de giras de trabajo del presidente Andr\u00e9s Manuel L\u00f3pez Obrador, a partir de este lunes, tiene el prop\u00f3sito de cumplir el plan de recuperaci\u00f3n econ\u00f3mica del pa\u00eds y el sureste es el motor de esta estrategia con grandes proyectos de inversi\u00f3n que tendr\u00e1n un impacto productivo no solo en la regi\u00f3n, sino a nivel internacional. As\u00ed lo dio a conocer Manuel Huerta Ladr\u00f3n de Guevara, delegado federal de Programas Integrales de Desarrollo [&hellip;]<\/p>\n","protected":false},"author":1,"featured_media":3014,"comment_status":"open","ping_status":"open","sticky":false,"template":"","format":"standard","meta":[],"categories":[11],"tags":[],"_links":{"self":[{"href":"http:\/\/www.impactohuasteco.com\/index.php?rest_route=\/wp\/v2\/posts\/3013"}],"collection":[{"href":"http:\/\/www.impactohuasteco.com\/index.php?rest_route=\/wp\/v2\/posts"}],"about":[{"href":"http:\/\/www.impactohuasteco.com\/index.php?rest_route=\/wp\/v2\/types\/post"}],"author":[{"embeddable":true,"href":"http:\/\/www.impactohuasteco.com\/index.php?rest_route=\/wp\/v2\/users\/1"}],"replies":[{"embeddable":true,"href":"http:\/\/www.impactohuasteco.com\/index.php?rest_route=%2Fwp%2Fv2%2Fcomments&post=3013"}],"version-history":[{"count":1,"href":"http:\/\/www.impactohuasteco.com\/index.php?rest_route=\/wp\/v2\/posts\/3013\/revisions"}],"predecessor-version":[{"id":3016,"href":"http:\/\/www.impactohuasteco.com\/index.php?rest_route=\/wp\/v2\/posts\/3013\/revisions\/3016"}],"wp:featuredmedia":[{"embeddable":true,"href":"http:\/\/www.impactohuasteco.com\/index.php?rest_route=\/wp\/v2\/media\/3014"}],"wp:attachment":[{"href":"http:\/\/www.impactohuasteco.com\/index.php?rest_route=%2Fwp%2Fv2%2Fmedia&parent=3013"}],"wp:term":[{"taxonomy":"category","embeddable":true,"href":"http:\/\/www.impactohuasteco.com\/index.php?rest_route=%2Fwp%2Fv2%2Fcategories&post=3013"},{"taxonomy":"post_tag","embeddable":true,"href":"http:\/\/www.impactohuasteco.com\/index.php?rest_route=%2Fwp%2Fv2%2Ftags&post=3013"}],"curies":[{"name":"wp","href":"https:\/\/api.w.org\/{rel}","templated":true}]}}