{"id":3031,"date":"2020-06-03T03:41:03","date_gmt":"2020-06-03T03:41:03","guid":{"rendered":"http:\/\/www.impactohuasteco.com\/?p=3031"},"modified":"2020-06-03T03:47:12","modified_gmt":"2020-06-03T03:47:12","slug":"designan-a-axel-frankenberger-dirigente-del-comite-regional-campesino-en-huatusco","status":"publish","type":"post","link":"http:\/\/www.impactohuasteco.com\/?p=3031","title":{"rendered":"DESIGNAN A AXEL FRANKENBERGER DIRIGENTE DEL COMIT\u00c9 REGIONAL CAMPESINO EN HUATUSCO"},"content":{"rendered":"<ul>\n<li><strong>Sustituye al diputado Antonio Reyes Garc\u00eda, quien fue expulsado de la CNC.<\/strong><\/li>\n<\/ul>\n<p>&nbsp;<\/p>\n<p>Irineo P\u00e9rez Melo. 02 de Junio del 2020. \u00a0Debido a la renuncia que hiciera el diputado Antonio Reyes Garc\u00eda al Comit\u00e9 Regional Campesino de la CNC de Huatusco, por lo que la dirigencia estatal de la Liga\u00a0 de Comunidades Agrarias, Sindicatos y Organizaciones Campesinas del Estado de Veracruz-CNC design\u00f3 como presidente interino del mismo Axel Frankenberger M\u00e9ndez.<\/p>\n<p>&nbsp;<\/p>\n<p><img loading=\"lazy\" class=\"alignleft size-medium wp-image-3033\" src=\"http:\/\/www.impactohuasteco.com\/wp-content\/uploads\/2020\/06\/Sin-t\u00edtulo-2-1-300x183.jpg\" alt=\"\" width=\"300\" height=\"183\" srcset=\"http:\/\/www.impactohuasteco.com\/wp-content\/uploads\/2020\/06\/Sin-t\u00edtulo-2-1-300x183.jpg 300w, http:\/\/www.impactohuasteco.com\/wp-content\/uploads\/2020\/06\/Sin-t\u00edtulo-2-1-768x468.jpg 768w, http:\/\/www.impactohuasteco.com\/wp-content\/uploads\/2020\/06\/Sin-t\u00edtulo-2-1-660x400.jpg 660w, http:\/\/www.impactohuasteco.com\/wp-content\/uploads\/2020\/06\/Sin-t\u00edtulo-2-1-400x244.jpg 400w, http:\/\/www.impactohuasteco.com\/wp-content\/uploads\/2020\/06\/Sin-t\u00edtulo-2-1.jpg 927w\" sizes=\"(max-width: 300px) 100vw, 300px\" \/>Al asumir la dirigencia regional cenecista, el tambi\u00e9n dirigente nacional de los piloncilleros, design\u00f3 a Marcelo Mendoza como coadyuvante en los trabajos para abrir la convocatoria para buscar la nueva dirigencia.<\/p>\n<p>Durante la ceremonia de toma de posesi\u00f3n de las oficinas del Comit\u00e9 Regional Campesino-CNC, se inform\u00f3 que de momento todos los asuntos pol\u00edticos, legales y de organizaci\u00f3n quedan bajo responsabilidad de la nueva directiva regional de esta organizaci\u00f3n agraria.<\/p>\n<p>Y es que el <a href=\"http:\/\/www.impactohuasteco.com\/wp-content\/uploads\/2020\/06\/Sin-t\u00edtulo-1-4.jpg\"><img loading=\"lazy\" class=\"alignleft size-medium wp-image-3035\" src=\"http:\/\/www.impactohuasteco.com\/wp-content\/uploads\/2020\/06\/Sin-t\u00edtulo-1-4-300x183.jpg\" alt=\"\" width=\"300\" height=\"183\" srcset=\"http:\/\/www.impactohuasteco.com\/wp-content\/uploads\/2020\/06\/Sin-t\u00edtulo-1-4-300x183.jpg 300w, http:\/\/www.impactohuasteco.com\/wp-content\/uploads\/2020\/06\/Sin-t\u00edtulo-1-4-768x468.jpg 768w, http:\/\/www.impactohuasteco.com\/wp-content\/uploads\/2020\/06\/Sin-t\u00edtulo-1-4-660x400.jpg 660w, http:\/\/www.impactohuasteco.com\/wp-content\/uploads\/2020\/06\/Sin-t\u00edtulo-1-4-400x244.jpg 400w, http:\/\/www.impactohuasteco.com\/wp-content\/uploads\/2020\/06\/Sin-t\u00edtulo-1-4.jpg 927w\" sizes=\"(max-width: 300px) 100vw, 300px\" \/><\/a>diputado Antonio Reyes Garc\u00eda fue expulsado, tanto de las filas del Partido Revolucionario Institucional (PRI) y de la organizaci\u00f3n cenecista por votar a favor de la reforma constitucional en materia electoral el pasado 2 de mayo,\u00a0 contrario a lo dispuesto por su partido, por lo que se la Comisi\u00f3n de Justicia Partidaria del CEN priista y de la Comisi\u00f3n de Honor y Justicia de la CNC iniciaron las acciones administrativas correspondientes paran su e expulsi\u00f3n.<\/p>\n<p>&nbsp;<\/p>\n<p><img loading=\"lazy\" class=\"alignleft size-medium wp-image-3034\" src=\"http:\/\/www.impactohuasteco.com\/wp-content\/uploads\/2020\/06\/cnc-003-185x300.jpg\" alt=\"\" width=\"185\" height=\"300\" \/><\/p>\n<p>El nuevo dirigente regional campesino, detall\u00f3 que el trabajo a realizar es que emerja de la base de los 57 ejidos que conforman esta organizaci\u00f3n, en donde los ejidatarios cenecistas y autoridades ejidales coadyuvar\u00e1n con los nuevos dirigentes para llevar a buen puerto las tareas que en breve se realizaran con miras a la reorganizaci\u00f3n de esta central agraria.<\/p>\n<p>Cabe destacar que el periodo estatutario del comit\u00e9 regional campesino de Huatusco-CNC ya estaba vencido, por lo que una vez que pase la emergencia sanitaria, se realizar\u00e1 la reestructuraci\u00f3n total de esta organizaci\u00f3n cenecista y de todos los comit\u00e9s municipales y regionales campesinos cenecistas, los cuales se buscar\u00e1 que se realicen de manera democr\u00e1tica a fin de tener liderazgos elegidos por\u00a0 la base cenecista.<\/p>\n<p>&nbsp;<\/p>\n","protected":false},"excerpt":{"rendered":"<p>Sustituye al diputado Antonio Reyes Garc\u00eda, quien fue expulsado de la CNC. &nbsp; Irineo P\u00e9rez Melo. 02 de Junio del 2020. \u00a0Debido a la renuncia que hiciera el diputado Antonio Reyes Garc\u00eda al Comit\u00e9 Regional Campesino de la CNC de Huatusco, por lo que la dirigencia estatal de la Liga\u00a0 de Comunidades Agrarias, Sindicatos y Organizaciones Campesinas del Estado de Veracruz-CNC design\u00f3 como presidente interino del mismo Axel Frankenberger M\u00e9ndez. &nbsp; Al asumir la dirigencia regional cenecista, el tambi\u00e9n dirigente nacional de los piloncilleros, design\u00f3 a Marcelo Mendoza como coadyuvante en los trabajos para abrir la convocatoria para buscar la [&hellip;]<\/p>\n","protected":false},"author":1,"featured_media":3032,"comment_status":"open","ping_status":"open","sticky":false,"template":"","format":"standard","meta":[],"categories":[11],"tags":[],"_links":{"self":[{"href":"http:\/\/www.impactohuasteco.com\/index.php?rest_route=\/wp\/v2\/posts\/3031"}],"collection":[{"href":"http:\/\/www.impactohuasteco.com\/index.php?rest_route=\/wp\/v2\/posts"}],"about":[{"href":"http:\/\/www.impactohuasteco.com\/index.php?rest_route=\/wp\/v2\/types\/post"}],"author":[{"embeddable":true,"href":"http:\/\/www.impactohuasteco.com\/index.php?rest_route=\/wp\/v2\/users\/1"}],"replies":[{"embeddable":true,"href":"http:\/\/www.impactohuasteco.com\/index.php?rest_route=%2Fwp%2Fv2%2Fcomments&post=3031"}],"version-history":[{"count":4,"href":"http:\/\/www.impactohuasteco.com\/index.php?rest_route=\/wp\/v2\/posts\/3031\/revisions"}],"predecessor-version":[{"id":3039,"href":"http:\/\/www.impactohuasteco.com\/index.php?rest_route=\/wp\/v2\/posts\/3031\/revisions\/3039"}],"wp:featuredmedia":[{"embeddable":true,"href":"http:\/\/www.impactohuasteco.com\/index.php?rest_route=\/wp\/v2\/media\/3032"}],"wp:attachment":[{"href":"http:\/\/www.impactohuasteco.com\/index.php?rest_route=%2Fwp%2Fv2%2Fmedia&parent=3031"}],"wp:term":[{"taxonomy":"category","embeddable":true,"href":"http:\/\/www.impactohuasteco.com\/index.php?rest_route=%2Fwp%2Fv2%2Fcategories&post=3031"},{"taxonomy":"post_tag","embeddable":true,"href":"http:\/\/www.impactohuasteco.com\/index.php?rest_route=%2Fwp%2Fv2%2Ftags&post=3031"}],"curies":[{"name":"wp","href":"https:\/\/api.w.org\/{rel}","templated":true}]}}