{"id":3047,"date":"2020-06-03T20:41:58","date_gmt":"2020-06-03T20:41:58","guid":{"rendered":"http:\/\/www.impactohuasteco.com\/?p=3047"},"modified":"2020-06-04T01:20:03","modified_gmt":"2020-06-04T01:20:03","slug":"personal-de-transporte-publico-entrega-cubrebocas-y-gel-antibacterial-a-conductores-de-taxis-y-servicio-urbano","status":"publish","type":"post","link":"http:\/\/www.impactohuasteco.com\/?p=3047","title":{"rendered":"PERSONAL DE TRANSPORTE P\u00daBLICO ENTREGA CUBREBOCAS  Y GEL ANTIBACTERIAL A CONDUCTORES DE TAXIS Y SERVICIO URBANO"},"content":{"rendered":"<ul>\n<li><strong>Se les recomienda aplicar la sana distancia y exigirle a los usuarios el uso de cubrebocas al momento de abordarlos: No\u00e9 Gonz\u00e1lez.<\/strong><strong><br \/>\n<\/strong>Irineo P\u00e9rez Melo. 03 de Junio del 2020. \u00a0Personal de la Direcci\u00f3n General Transporte P\u00fablico del Estado realiza operativos invitando a los conductores del servicio de transporte p\u00fablico en su modalidad de taxi y servicio urbano a utilizar el cubrebocas y el gel antibacterial para evitar mayores contagios del COVID-19.<br \/>\n<img loading=\"lazy\" class=\"alignleft size-medium wp-image-3049\" src=\"http:\/\/www.impactohuasteco.com\/wp-content\/uploads\/2020\/06\/thumbnail_FOTO-2-300x169.jpg\" alt=\"\" width=\"300\" height=\"169\" \/>No\u00e9 Gonz\u00e1lez, delegado de Transporte P\u00fablico en la ciudad de Xalapa, dio a conocer que de la misma forma se les recomend\u00f3 que a los usuarios al momento de subir a sus unidades tambi\u00e9n utilicen estos materiales de protecci\u00f3n personal como medida preventiva.<\/p>\n<p>El funcionario estatal dio a conocer en entrevista que como parte de estas acciones instruidas por el secretario de Seguridad P\u00fablica, Hugo Guti\u00e9rrez Maldonado y del director general de Transporte P\u00fablico del Estado, \u00c1ngel Alarc\u00f3n, personal de esta dependencia estatal entreg\u00f3 cubrebocas y gel antibacterial a taxistas que circulaban por el centro de la ciudad.<\/p>\n<p>Se aprovech\u00f3 la acci\u00f3n para hacerles las recomendaciones de promover las medidas de sana distancia impuestas por las autoridades de salud, tanto federal como estatal, para evitar mayores contagios del coronavirus entre la poblaci\u00f3n xalape\u00f1a, sobre todo porque la pandemia se encuentra en su mayor incidencia en estos momentos.<\/p>\n<p><img loading=\"lazy\" class=\"alignleft size-medium wp-image-3050\" src=\"http:\/\/www.impactohuasteco.com\/wp-content\/uploads\/2020\/06\/thumbnail_FOTO-3-300x169.jpg\" alt=\"\" width=\"300\" height=\"169\" \/>En el caso del servicio de transporte p\u00fablico, en su modalidad de taxi, dijo que se les recomend\u00f3 que \u00fanicamente deben transportar a dos personas y para los permisionarios del Servicio Urbano, \u201cse les ha exhortado para que inviten a los conductores a aplicar la sana distancia entre los usuarios y evitar transportar a muchos pasajeros en sus unidades\u201d.<\/p>\n<p>Se\u00f1al\u00f3 que en estos momentos la recomendaci\u00f3n a todos los transportistas, sean taxistas o permisionarios del servicio urbano, es de manera verbal, y de incumplir estas disposiciones, se har\u00e1n objeto de las sanciones establecidas en el reglamento en la materia.<\/p>\n<p>\u201cEl cubrebocas lo debe portar el conductor y se les est\u00e1 pidiendo que esta recomendaci\u00f3n se las hagan a los usuarios, \u201cporque muchos lo traen colgando en el volante o en la oreja y no lo utilizan como debe ser\u201d, a\u00f1adi\u00f3 el funcionario estatal.<\/p>\n<p>Admiti\u00f3 que la gran mayor\u00eda de los trabajadores del volante cumplen con estas disposiciones, transportando uno o dos pasajeros. En el caso del uso del cubrebocas, aunque para muchos es molesto traerlo, se les exhorta al buen uso del mismo para no contagiarse del coronavirus.<\/li>\n<\/ul>\n<ul>\n<li>\u00bf<a href=\"http:\/\/www.impactohuasteco.com\/wp-content\/uploads\/2020\/06\/thumbnail_FOTO-4.jpg\"><img loading=\"lazy\" class=\"alignleft size-medium wp-image-3051\" src=\"http:\/\/www.impactohuasteco.com\/wp-content\/uploads\/2020\/06\/thumbnail_FOTO-4-300x169.jpg\" alt=\"\" width=\"300\" height=\"169\" \/><\/a>Esta medida se aplicar\u00edan a los camiones del servicio urbano de esta capital? Se le pregunt\u00f3.<\/li>\n<li>De igual forma se le est\u00e1 haciendo el exhorto a ocuparlo, al uso del gel al momento de abordarlo y a los mismos pasajeros a que utilicen sus cubrebocas y no permitir abordarlo si no lo llevan puesto, respondi\u00f3 por \u00faltimo .<\/li>\n<\/ul>\n<p>&nbsp;<\/p>\n","protected":false},"excerpt":{"rendered":"<p>Se les recomienda aplicar la sana distancia y exigirle a los usuarios el uso de cubrebocas al momento de abordarlos: No\u00e9 Gonz\u00e1lez. Irineo P\u00e9rez Melo. 03 de Junio del 2020. \u00a0Personal de la Direcci\u00f3n General Transporte P\u00fablico del Estado realiza operativos invitando a los conductores del servicio de transporte p\u00fablico en su modalidad de taxi y servicio urbano a utilizar el cubrebocas y el gel antibacterial para evitar mayores contagios del COVID-19. No\u00e9 Gonz\u00e1lez, delegado de Transporte P\u00fablico en la ciudad de Xalapa, dio a conocer que de la misma forma se les recomend\u00f3 que a los usuarios al momento [&hellip;]<\/p>\n","protected":false},"author":1,"featured_media":0,"comment_status":"open","ping_status":"open","sticky":false,"template":"","format":"standard","meta":[],"categories":[11],"tags":[],"_links":{"self":[{"href":"http:\/\/www.impactohuasteco.com\/index.php?rest_route=\/wp\/v2\/posts\/3047"}],"collection":[{"href":"http:\/\/www.impactohuasteco.com\/index.php?rest_route=\/wp\/v2\/posts"}],"about":[{"href":"http:\/\/www.impactohuasteco.com\/index.php?rest_route=\/wp\/v2\/types\/post"}],"author":[{"embeddable":true,"href":"http:\/\/www.impactohuasteco.com\/index.php?rest_route=\/wp\/v2\/users\/1"}],"replies":[{"embeddable":true,"href":"http:\/\/www.impactohuasteco.com\/index.php?rest_route=%2Fwp%2Fv2%2Fcomments&post=3047"}],"version-history":[{"count":2,"href":"http:\/\/www.impactohuasteco.com\/index.php?rest_route=\/wp\/v2\/posts\/3047\/revisions"}],"predecessor-version":[{"id":3059,"href":"http:\/\/www.impactohuasteco.com\/index.php?rest_route=\/wp\/v2\/posts\/3047\/revisions\/3059"}],"wp:attachment":[{"href":"http:\/\/www.impactohuasteco.com\/index.php?rest_route=%2Fwp%2Fv2%2Fmedia&parent=3047"}],"wp:term":[{"taxonomy":"category","embeddable":true,"href":"http:\/\/www.impactohuasteco.com\/index.php?rest_route=%2Fwp%2Fv2%2Fcategories&post=3047"},{"taxonomy":"post_tag","embeddable":true,"href":"http:\/\/www.impactohuasteco.com\/index.php?rest_route=%2Fwp%2Fv2%2Ftags&post=3047"}],"curies":[{"name":"wp","href":"https:\/\/api.w.org\/{rel}","templated":true}]}}