{"id":3386,"date":"2020-06-17T03:01:42","date_gmt":"2020-06-17T03:01:42","guid":{"rendered":"http:\/\/www.impactohuasteco.com\/?p=3386"},"modified":"2020-06-17T03:01:42","modified_gmt":"2020-06-17T03:01:42","slug":"inicia-pri-proceso-de-renovacion-de-comites-municipales-presidente-y-secretario-general-seran-elegidos-directamente-por-la-militancia","status":"publish","type":"post","link":"http:\/\/www.impactohuasteco.com\/?p=3386","title":{"rendered":"INICIA PRI PROCESO DE RENOVACI\u00d3N DE COMIT\u00c9S MUNICIPALES, PRESIDENTE Y SECRETARIO GENERAL SER\u00c1N ELEGIDOS DIRECTAMENTE POR LA MILITANCIA"},"content":{"rendered":"<ul>\n<li><strong>En este primer bloque se renovar\u00e1n 137 comit\u00e9s durante una jornada electiva a efectuarse el 15 \u00f3 16 de julio pr\u00f3ximo: Marlon Ram\u00edrez.<\/strong><strong>\n<p><\/strong><strong>\u00a0<\/strong><strong><br \/>\n<\/strong><br \/>\nIrineo P\u00e9rez Melo.16 de Junio del <a href=\"http:\/\/www.impactohuasteco.com\/wp-content\/uploads\/2020\/06\/002.jpeg\"><img loading=\"lazy\" class=\"alignleft size-medium wp-image-3391\" src=\"http:\/\/www.impactohuasteco.com\/wp-content\/uploads\/2020\/06\/002-300x201.jpeg\" alt=\"\" width=\"300\" height=\"201\" \/><\/a>2020. \u00a0Con miras a los comicios locales y federales que se tendr\u00e1n en el 2021, el Comit\u00e9 Directivo Estatal del Partido Revolucionario Institucional (PRI) inici\u00f3 su proceso de renovaci\u00f3n de comit\u00e9s municipales, con la publicaci\u00f3n de las convocatorias para la elecci\u00f3n de un primer bloque de 137 de estos organismos para el periodo estatutario 2020-2023.<\/p>\n<p>En una sencilla ceremonia, el dirigente estatal priista Marlon Ram\u00edrez Mar\u00edn dio a conocer que con este emisi\u00f3n de la convocatoria, que fue pegada en el estrado de la sede estatal priista, se inicia el proceso para la elecci\u00f3n de presidente y secretarios generales de los comit\u00e9s municipales, en cumplimiento a los lineamientos establecidos en los \u00f3rganos de direcci\u00f3n del partido.<\/p>\n<p>Estas acciones, dijo, se realizar\u00e1n con el respaldo de la Comisi\u00f3n de Procesos Internos, quien ser\u00e1 la responsable de la elecci\u00f3n de los nuevos dirigentes, quienes ser\u00e1n elegidos por la propia militancia, como fue el compromiso que estableci\u00f3 la actual dirigencia estatal cuando busc\u00f3 el respaldo del priismo veracruzano para representarla.<\/p>\n<p>Acompa\u00f1ado de la secretaria general Arianna \u00c1ngeles Aguirre, secretaria general e integrantes del comit\u00e9 directivo estatal, en la reuni\u00f3n de trabajo, el dirigente estatal del tricolor, resalt\u00f3 que \u201cel partido se renueva para mejorar, hoy es lo que demanda la poblaci\u00f3n, un partido cercano a la gente que abandere sus causas m\u00e1s apremiantes\u201d.<br \/>\n<img loading=\"lazy\" class=\"alignleft size-medium wp-image-3388\" src=\"http:\/\/www.impactohuasteco.com\/wp-content\/uploads\/2020\/06\/thumbnail_001-300x200.jpg\" alt=\"\" width=\"300\" height=\"200\" \/>Insisti\u00f3 que con los comit\u00e9s municipales se consolidar\u00e1\u00a0el trabajo de la dirigencia para enfrentar el proceso electoral 2020-2021 y entregar los mejores resultados a Veracruz, porque ese es el compromiso.<\/p>\n<p>Reiter\u00f3 que este proceso se llevar\u00e1 a cabo con la aplicaci\u00f3n de las medidas sanitarias recomendadas por la Organizaci\u00f3n Mundial de la Salud para la prevenci\u00f3n del COVID-19.<\/p>\n<p>Por otro lado, se inform\u00f3 que la jornada del registro de aspirantes se realizar\u00e1 el pr\u00f3ximo 25 de junio; los dict\u00e1menes reca\u00eddos sobre el registro de f\u00f3rmulas se publicar\u00e1n a m\u00e1s tardar el 28 de junio; el periodo de proselitismo ser\u00e1 del 29 de junio al 13 de julio, la jornada electiva interna se llevar\u00e1 a cabo el 15 o 16 de julio, de acuerdo a lo que determine la Comisi\u00f3n Estatal de Procesos Internos.<\/p>\n<p>De igual forma, el c\u00f3mputo municipal, la declaraci\u00f3n de validez, la expedici\u00f3n de constancias de mayor\u00eda, e inicio de periodo estatutario de dirigencia municipal, tendr\u00e1 lugar el 18 o 19 de julio, de acuerdo a lo que determine la Comisi\u00f3n Estatal de Procesos Internos.<\/p>\n<p>El proceso de renovaci\u00f3n de comit\u00e9s municipales se efectuar\u00e1 en los siguientes municipios:\u00a0P\u00e1nuco, Pueblo Viejo, Tamal\u00edn, Tampico Alto, Tempoal, Tantima, Tantoyuca, Chalma, Chiconamel, Chontla, Citlalt\u00e9petl, Ixcatepec, Naranjos Amatl\u00e1n, Plat\u00f3n S\u00e1nchez, Tepetzintla, Cazones de Herrera, Tamiahua, Tuxpan, \u00c1lamo Temapache, Benito Ju\u00e1rez, Castillo de Teayo, Cerro Azul, Huayacocotla, Ilamatl\u00e1n, Ixhuatl\u00e1n de Madero y Texcatepec.<\/p>\n<p>T<img loading=\"lazy\" class=\"alignleft size-medium wp-image-3390\" src=\"http:\/\/www.impactohuasteco.com\/wp-content\/uploads\/2020\/06\/thumbnail_001-1-300x200.jpg\" alt=\"\" width=\"300\" height=\"200\" \/>ambi\u00e9n: Tlachichilco, Zacualpan, Zontecomatl\u00e1n, Atzalan, Jalacingo, Las Minas, Las Vigas, Perote, Tatatila, Villa Aldama, Coatzintla, Chumatl\u00e1n, Coxquihui, Coyutla, Filomeno Mata, Mecatl\u00e1n, Papantla, Zozocolco de H. San Rafael, Acatl\u00e1n, Colipa, Juchique de Ferrer, Miahuatl\u00e1n, Naolinco, Tecolutla, Mart\u00ednez de la Torre, Nautla, Tepetl\u00e1n, Tlacolulan, Tonay\u00e1n, Yecuatla, Tlalnelhuayocan, Emiliano Zapata.<\/p>\n<p>Adem\u00e1s: Jalcomulco, La Antigua, Paso de Ovejas, Actopan, Tlaltetela, Altotonga, \u00darsulo Galv\u00e1n, Yanga, C\u00f3rdoba, Boca del R\u00edo, Ignacio de la Llave, Tlalixcoyan, Camar\u00f3n de Tejeda, Carrillo Puerto, Cotaxtla, Cuitl\u00e1huac, Jamapa, Alpatl\u00e1huac, Comapa, Coscomatepec, Ixhuatl\u00e1n del Caf\u00e9, Tlacotepec de Mej\u00eda, Tepatlaxco, Tomatl\u00e1n, Totutla, Zentla, Atzacan, Fort\u00edn, Ixtaczoquitl\u00e1n, Aquila, Ixhuatlancillo, La Perla, Maltrata, Nogales, Astacinga y Atlahuilco.<\/p>\n<p>Asimismo, Los Reyes, Magdalena, Mixtla de Altamirano, Naranjal, San Andr\u00e9s Tenejapan, Tehuipango, Tlaquilpa, Tlilapan, Xoxocotla, Soledad Atzompa, Cosamaloapan, Chacaltianguis, Ixmatlahuacan, Omealca, Otatitl\u00e1n, Tlacojalpan, Tres Valles, Tuxtilla, Amatitl\u00e1n, \u00c1ngel R. Cabada, Jos\u00e9 Azueta, Lerdo de Tejada, Santiago Tuxtla, Isla, Saltabarranca, Tlacotalpan, Coatzacoalcos, San Andr\u00e9s Tuxtla, Acayucan, Oluta, Playa Vicente, Santiago Sochiapan, Soconusco, Texistepec, Agua Dulce, Las Choapas, Moloac\u00e1n, Nanchital, Jalapa, Mariano Escobedo, Rafael Delgado, Tlapacoyan, y Carlos A. Carillo.<\/p>\n<p>Los\u00a0interesados pueden consultar las\u00a0convocatorias completas en estrados digitales en el siguiente link:\u00a0<a href=\"http:\/\/www.priveracruz.mx\/convocatorias-15-06-2020\/\">http:\/\/www.priveracruz.mx\/convocatorias-15-06-2020\/<\/a><\/li>\n<\/ul>\n<table width=\"800\">\n<tbody>\n<tr>\n<td><\/td>\n<td width=\"752\"><a href=\"http:\/\/www.priveracruz.mx\/convocatorias-15-06-2020\/\">CONVOCATORIAS &amp;#8211; PRI ESTATAL<\/a><\/p>\n<p>www.priveracruz.mx<\/td>\n<\/tr>\n<\/tbody>\n<\/table>\n<p>&nbsp;<\/p>\n","protected":false},"excerpt":{"rendered":"<p>En este primer bloque se renovar\u00e1n 137 comit\u00e9s durante una jornada electiva a efectuarse el 15 \u00f3 16 de julio pr\u00f3ximo: Marlon Ram\u00edrez. \u00a0 Irineo P\u00e9rez Melo.16 de Junio del 2020. \u00a0Con miras a los comicios locales y federales que se tendr\u00e1n en el 2021, el Comit\u00e9 Directivo Estatal del Partido Revolucionario Institucional (PRI) inici\u00f3 su proceso de renovaci\u00f3n de comit\u00e9s municipales, con la publicaci\u00f3n de las convocatorias para la elecci\u00f3n de un primer bloque de 137 de estos organismos para el periodo estatutario 2020-2023. En una sencilla ceremonia, el dirigente estatal priista Marlon Ram\u00edrez Mar\u00edn dio a conocer que [&hellip;]<\/p>\n","protected":false},"author":1,"featured_media":0,"comment_status":"open","ping_status":"open","sticky":false,"template":"","format":"standard","meta":[],"categories":[11],"tags":[],"_links":{"self":[{"href":"http:\/\/www.impactohuasteco.com\/index.php?rest_route=\/wp\/v2\/posts\/3386"}],"collection":[{"href":"http:\/\/www.impactohuasteco.com\/index.php?rest_route=\/wp\/v2\/posts"}],"about":[{"href":"http:\/\/www.impactohuasteco.com\/index.php?rest_route=\/wp\/v2\/types\/post"}],"author":[{"embeddable":true,"href":"http:\/\/www.impactohuasteco.com\/index.php?rest_route=\/wp\/v2\/users\/1"}],"replies":[{"embeddable":true,"href":"http:\/\/www.impactohuasteco.com\/index.php?rest_route=%2Fwp%2Fv2%2Fcomments&post=3386"}],"version-history":[{"count":2,"href":"http:\/\/www.impactohuasteco.com\/index.php?rest_route=\/wp\/v2\/posts\/3386\/revisions"}],"predecessor-version":[{"id":3394,"href":"http:\/\/www.impactohuasteco.com\/index.php?rest_route=\/wp\/v2\/posts\/3386\/revisions\/3394"}],"wp:attachment":[{"href":"http:\/\/www.impactohuasteco.com\/index.php?rest_route=%2Fwp%2Fv2%2Fmedia&parent=3386"}],"wp:term":[{"taxonomy":"category","embeddable":true,"href":"http:\/\/www.impactohuasteco.com\/index.php?rest_route=%2Fwp%2Fv2%2Fcategories&post=3386"},{"taxonomy":"post_tag","embeddable":true,"href":"http:\/\/www.impactohuasteco.com\/index.php?rest_route=%2Fwp%2Fv2%2Ftags&post=3386"}],"curies":[{"name":"wp","href":"https:\/\/api.w.org\/{rel}","templated":true}]}}