{"id":3668,"date":"2020-07-01T04:26:37","date_gmt":"2020-07-01T04:26:37","guid":{"rendered":"http:\/\/www.impactohuasteco.com\/?p=3668"},"modified":"2020-07-01T04:26:37","modified_gmt":"2020-07-01T04:26:37","slug":"velodromo-de-xalapa-y-centro-de-raqueta-del-puerto-de-veracruz-recibiran-pacientes-no-graves-de-covid-19","status":"publish","type":"post","link":"http:\/\/www.impactohuasteco.com\/?p=3668","title":{"rendered":"VEL\u00d3DROMO DE XALAPA Y CENTRO DE RAQUETA DEL PUERTO DE VERACRUZ RECIBIR\u00c1N PACIENTES NO GRAVES DE COVID-19"},"content":{"rendered":"<ul>\n<li><strong>Estaba previsto que funcionaran cuando unidades m\u00e9dicas estuvieran saturadas, al utilizarse se busca mejorar la atenci\u00f3n a los pacientes graves: SSA.<\/strong><strong><br \/>\n<\/strong><\/p>\n<p>Irineo P\u00e9rez Melo. 30 de junio de 2020.\u00a0 \u00a0Para mejorar la atenci\u00f3n de los pacientes graves internados en los hospitales COVID, se propondr\u00eda al gobernador Cuitl\u00e1huac Garc\u00eda Jim\u00e9nez, en la sesi\u00f3n del Comit\u00e9 T\u00e9cnico de Salud a efectuarse este martes, la utilizaci\u00f3n del Centro de Atenci\u00f3n M\u00e9dica Expandida C19 (CAME-C19) de Xalapa (instalado en el Vel\u00f3dromo) y el de Veracruz ( en el Centro de Raqueta).<\/p>\n<p>De acuerdo a la informaci\u00f3n proporcionada por la Secretar\u00eda de Salud del estado en estos centros hospitalarios ampliados se contar\u00e1 con personal e infraestructura para tratar a pacientes que presentes s\u00edntomas de moderados a leves de coronavirus y estar en condiciones de mejorar la atenci\u00f3n a los que encuentren en situaci\u00f3n grave.<\/p>\n<p>Los CAME-C19 estaban destinados a entrar en operaciones cuando las unidades m\u00e9dicas quedaran saturadas pero, afortunadamente, fue posible aplanar la curva y controlar la pandemia, se refiere.<\/p>\n<p>Se recuerda la importancia que los colores del sem\u00e1foro epidemiol\u00f3gico quedan determinados seg\u00fan la ocupaci\u00f3n hospitalaria y la condici\u00f3n de los pacientes.<\/p>\n<p>De ah\u00ed que Veracruz y Coatzacoalcos est\u00e1n en rojo (riesgo m\u00e1ximo), pues el hospital COVID-19 correspondiente tiene una gran demanda; adem\u00e1s de que la velocidad de contagios y su n\u00famero son considerables.<\/p>\n<p>Se invita a los ciudadanos a permanecer informados en torno al sem\u00e1foro que aplica en su localidad, para lo cual pueden visitar la p\u00e1gina coronavirus.veracruz.gob.mx; as\u00ed como a atender las indicaciones de las autoridades federales y estatales.<\/p>\n<p>De igual manera, est\u00e1 a disposici\u00f3n la l\u00ednea 800 012 34 56, donde especialistas le orientar\u00e1n respecto de s\u00edntomas y acciones pertinentes, adem\u00e1s de ofrecerle asistencia psicol\u00f3gica.<\/li>\n<\/ul>\n","protected":false},"excerpt":{"rendered":"<p>Estaba previsto que funcionaran cuando unidades m\u00e9dicas estuvieran saturadas, al utilizarse se busca mejorar la atenci\u00f3n a los pacientes graves: SSA. Irineo P\u00e9rez Melo. 30 de junio de 2020.\u00a0 \u00a0Para mejorar la atenci\u00f3n de los pacientes graves internados en los hospitales COVID, se propondr\u00eda al gobernador Cuitl\u00e1huac Garc\u00eda Jim\u00e9nez, en la sesi\u00f3n del Comit\u00e9 T\u00e9cnico de Salud a efectuarse este martes, la utilizaci\u00f3n del Centro de Atenci\u00f3n M\u00e9dica Expandida C19 (CAME-C19) de Xalapa (instalado en el Vel\u00f3dromo) y el de Veracruz ( en el Centro de Raqueta). De acuerdo a la informaci\u00f3n proporcionada por la Secretar\u00eda de Salud del estado [&hellip;]<\/p>\n","protected":false},"author":1,"featured_media":3669,"comment_status":"open","ping_status":"open","sticky":false,"template":"","format":"standard","meta":[],"categories":[11],"tags":[],"_links":{"self":[{"href":"http:\/\/www.impactohuasteco.com\/index.php?rest_route=\/wp\/v2\/posts\/3668"}],"collection":[{"href":"http:\/\/www.impactohuasteco.com\/index.php?rest_route=\/wp\/v2\/posts"}],"about":[{"href":"http:\/\/www.impactohuasteco.com\/index.php?rest_route=\/wp\/v2\/types\/post"}],"author":[{"embeddable":true,"href":"http:\/\/www.impactohuasteco.com\/index.php?rest_route=\/wp\/v2\/users\/1"}],"replies":[{"embeddable":true,"href":"http:\/\/www.impactohuasteco.com\/index.php?rest_route=%2Fwp%2Fv2%2Fcomments&post=3668"}],"version-history":[{"count":1,"href":"http:\/\/www.impactohuasteco.com\/index.php?rest_route=\/wp\/v2\/posts\/3668\/revisions"}],"predecessor-version":[{"id":3670,"href":"http:\/\/www.impactohuasteco.com\/index.php?rest_route=\/wp\/v2\/posts\/3668\/revisions\/3670"}],"wp:featuredmedia":[{"embeddable":true,"href":"http:\/\/www.impactohuasteco.com\/index.php?rest_route=\/wp\/v2\/media\/3669"}],"wp:attachment":[{"href":"http:\/\/www.impactohuasteco.com\/index.php?rest_route=%2Fwp%2Fv2%2Fmedia&parent=3668"}],"wp:term":[{"taxonomy":"category","embeddable":true,"href":"http:\/\/www.impactohuasteco.com\/index.php?rest_route=%2Fwp%2Fv2%2Fcategories&post=3668"},{"taxonomy":"post_tag","embeddable":true,"href":"http:\/\/www.impactohuasteco.com\/index.php?rest_route=%2Fwp%2Fv2%2Ftags&post=3668"}],"curies":[{"name":"wp","href":"https:\/\/api.w.org\/{rel}","templated":true}]}}