{"id":6154,"date":"2020-10-22T19:10:17","date_gmt":"2020-10-22T19:10:17","guid":{"rendered":"http:\/\/www.impactohuasteco.com\/?p=6154"},"modified":"2020-10-22T19:10:17","modified_gmt":"2020-10-22T19:10:17","slug":"desinforman-y-descontextualizan-comentarios-del-papa-francisco-en-torno-a-union-de-parejas-del-mismo-sexo","status":"publish","type":"post","link":"http:\/\/www.impactohuasteco.com\/?p=6154","title":{"rendered":"DESINFORMAN Y DESCONTEXTUALIZAN COMENTARIOS DEL PAPA   FRANCISCO EN TORNO A UNI\u00d3N DE PAREJAS DEL MISMO SEXO"},"content":{"rendered":"<ul>\n<li><strong>La ense\u00f1anza de la Iglesia no ha cambiado sobre la convivencia de personas del mismo sexo: Presb\u00edtero Jos\u00e9 Manuel Suazo.\u00a0<\/strong><\/li>\n<\/ul>\n<ul>\n<li><strong>Lo difundido fue provocada para publicitar el documental Francesco y es usado para dividir al cristianismo, se\u00f1ala.\u00a0<\/strong><\/li>\n<\/ul>\n<p>Irineo P\u00e9rez Melo. 22 DE Octubre del 2020. \u00a0El presb\u00edtero Jos\u00e9 Manuel Suazo Reyes, vocero de la Arquidi\u00f3cesis de Xalapa, se\u00f1al\u00f3 que es errada la percepci\u00f3n sobre las declaraciones del Papa Francisco que efect\u00faa en una pel\u00edcula. \u201cEl Pont\u00edfice no dice nada nuevo. No ha cambiado la ense\u00f1anza de la Iglesia sobre la convivencia de personas del mismo sexo\u201d.<\/p>\n<p>Entrevistado por Alberto Gonz\u00e1lez Castilla de la Agencia Cat\u00f3lica de Noticias (ACN) sobre la informaci\u00f3n que \u201cse solt\u00f3\u201d ayer \u201cfue provocada e intencionada para darle otra publicidad al documental: Francesco, el portavoz de la Arquidi\u00f3cesis de Xalapa, sostiene que es una especie de noticia amarillista, que explota el morbo y desinforma a la opini\u00f3n p\u00fablica para que muchos sectores de la poblaci\u00f3n van quieran ver este documental y encontrar\u00e1n lo que en realidad dijo el Santo Padre\u201d.<\/p>\n<p>\u201cEst\u00e1n descontextualizando al Papa Francisco y por lo tanto, se est\u00e1 malinterpretando las palabras que dice en este documental\u201d, agreg\u00f3 Suazo Reyes, quien consider\u00f3 que \u201cno ser\u00eda extra\u00f1o que con esta descontextualizaci\u00f3n se quiera desacreditar al mismo Santo Padre para generar divisiones dentro del cristianismo, porque hay personas que no leen e interpretan lo que dijo el Papa, asumen ciertos juicios de valor contra el Santo Padre\u201d, asegura el director de la Oficina de Comunicaci\u00f3n Social del Arzobispado de Xalapa..<\/p>\n<p>Dej\u00f3 en claro que esa acci\u00f3n, por dem\u00e1s perversa de algunos grupos de poder, son \u201cinjustificados, injustos e incorrectos, porque genera una reacci\u00f3n negativa que no tiene fundamentaci\u00f3n\u201d, por lo que lament\u00f3 que se mal informe a la sociedad con el objeto de ver un documental que a final de cuantas tiene fines lucrativos, que es crear morbo\u201d.<br \/>\n<img loading=\"lazy\" class=\"alignleft  wp-image-6155\" src=\"http:\/\/www.impactohuasteco.com\/wp-content\/uploads\/2020\/10\/Sin-t\u00edtulo-7-7-300x183.jpg\" alt=\"\" width=\"621\" height=\"379\" srcset=\"http:\/\/www.impactohuasteco.com\/wp-content\/uploads\/2020\/10\/Sin-t\u00edtulo-7-7-300x183.jpg 300w, http:\/\/www.impactohuasteco.com\/wp-content\/uploads\/2020\/10\/Sin-t\u00edtulo-7-7-768x468.jpg 768w, http:\/\/www.impactohuasteco.com\/wp-content\/uploads\/2020\/10\/Sin-t\u00edtulo-7-7-400x244.jpg 400w, http:\/\/www.impactohuasteco.com\/wp-content\/uploads\/2020\/10\/Sin-t\u00edtulo-7-7.jpg 927w\" sizes=\"(max-width: 621px) 100vw, 621px\" \/>En ese tenor, sugiri\u00f3 a los medios de comunicaci\u00f3n a consultar las fuentes y dar a conocer las cosas como son, ya que la informaci\u00f3n es un servicio a la comunidad.<\/p>\n<p>\u201cEs importante dar a conocer, de forma objetiva las cosas como son. La desinformaci\u00f3n es uno de los pecados de algunas agencias de informaci\u00f3n o de algunos comunicadores; de ah\u00ed la importancia de informar, contextualizar y decir las cosas como son\u201d, abund\u00f3.<\/p>\n<p>Se\u00f1ala que, en el documental en cuesti\u00f3n, el Papa no est\u00e1 hablando ex c\u00e1tedra; es decir como conclusi\u00f3n de un s\u00ednodo, un concilio, o derivada de una reuni\u00f3n de obispos, sino que est\u00e1 declaraci\u00f3n que sacaron de contexto y que han exagerado en las interpretaciones es s\u00f3lo una parte de una declaraci\u00f3n que es parte de un documental del pont\u00edfice.<\/p>\n<p>El documental llamado \u201cFrancesco\u201d, dirigido por el ruso Evgeny Afineevsky, versa sobre la vida y el ministerio del Papa argentino que se estren\u00f3 hoy en el Festival de Cine de Roma. Se trata de la vida y el ministerio del Papa Francisco y se dio a conocer en un festival de cine de la ciudad de Roma.<\/p>\n<p>Al respecto, Jos\u00e9 Manuel Suazo resalt\u00f3 que el documental aborda muchos temas, entre ellos el tema de las personas homosexuales y ley\u00f3 lo que dice el Santo Padre, en un extracto del video donde hace la declaraci\u00f3n: \u201clas personas homosexuales tienen derecho a estar en la familia; son hijos de Dios, tienen derecho a una familia\u201d.<\/p>\n<p>El cl\u00e9rigo, quien es analista de la Agencia Cat\u00f3lica de Noticias, subray\u00f3 que, en ese tema en espec\u00edfico de los homosexuales, \u201cel Papa no ha dicho nada nuevo ni ha dicho algo que no haya comentado en otras ocasiones\u201d.<\/p>\n<p>\u201cDe entrada- el pont\u00edfice- reconoce que las personas homosexuales como todas obviamente proceden de una familia y de un pap\u00e1 y una mam\u00e1; no lo dice as\u00ed, pero son cosas que se deducen de lo que el Papa est\u00e1 diciendo\u201d, puntualiz\u00f3.<\/p>\n<p>\u201cLo que m\u00e1s llam\u00f3 la atenci\u00f3n es lo que menciona el Papa m\u00e1s adelante: \u2018lo que tenemos que hacer es una ley de convivencia civil; tienen derecho a estar cubiertos legalmente\u201d, se\u00f1ala el sacerdote cat\u00f3lico, quien destaca que esto \u00faltimo fue lo que llam\u00f3 mucho la atenci\u00f3n y fue motivo de malas interpretaciones, incluso, de forma tendenciosa.<\/p>\n<p>Y advierte que es \u201ccompletamente falso que el Papa promueva la uni\u00f3n de personas del mismo sexo, por lo que reproch\u00f3 que a partir de ese comentario se diga que \u201cel Papa reconoce y promueve las uniones entre personas del mismo sexo; eso es completamente falso\u201d.<\/p>\n<p>\u201cNo est\u00e1 alentando, ni promoviendo, ni diciendo cosas nuevas, porque el mismo Santo Padre, esta misma l\u00ednea de discurso las declar\u00f3 cuando era cardenal en Buenos Aires, cuando se quer\u00eda ah\u00ed imponer el mal llamado matrimonio igualitario, donde habl\u00f3 de esa ley de convivencia civil que en M\u00e9xico son las leyes de convivencia; pero de ninguna manera el Papa est\u00e1: ni canonizando, ni bendiciendo o reconociendo que esas uniones o convivencias que de hecho existen, sean equiparadas por ejemplo al matrimonio cristiano, o al matrimonio entre en un hombre y una mujer. Eso es falso\u201d, sentenci\u00f3.<\/p>\n<p>Se\u00f1al\u00f3 que \u201cen los numerales 2357 al 2359 se habla expresamente de cu\u00e1l debe ser el comportamiento y la actitud ante las personas que tienen esta orientaci\u00f3n; ah\u00ed el catecismo de la Iglesia dice que debemos acogerlos con respeto, con delicadeza, que debemos evitar cualquier discriminaci\u00f3n y que tambi\u00e9n los homosexuales est\u00e1n llamados a vivir la voluntad de Dios\u201d.<\/p>\n<p>Este comentario, indic\u00f3, \u201cobedece a una carta que un homosexual le escribi\u00f3 al Santo Padre en el sentido de que ten\u00eda cierto temor de enviar a sus hijos a la Iglesia porque a lo mejor iban a ser discriminados y, obviamente, esas personas son bien recibidas en la Iglesia\u201d.<\/p>\n<p>Finalmente, llam\u00f3 a fieles y laicos a \u201cque ante cualquier cosa que se diga o afirme del Santo Padre, no hay que dejarse llevar por los encabezados de la prensa, sino que hay que consultar las fuentes, as\u00ed como las declaraciones oficiales\u201d, para caer en malos entendidos.<\/p>\n<p>&nbsp;<\/p>\n","protected":false},"excerpt":{"rendered":"<p>La ense\u00f1anza de la Iglesia no ha cambiado sobre la convivencia de personas del mismo sexo: Presb\u00edtero Jos\u00e9 Manuel Suazo.\u00a0 Lo difundido fue provocada para publicitar el documental Francesco y es usado para dividir al cristianismo, se\u00f1ala.\u00a0 Irineo P\u00e9rez Melo. 22 DE Octubre del 2020. \u00a0El presb\u00edtero Jos\u00e9 Manuel Suazo Reyes, vocero de la Arquidi\u00f3cesis de Xalapa, se\u00f1al\u00f3 que es errada la percepci\u00f3n sobre las declaraciones del Papa Francisco que efect\u00faa en una pel\u00edcula. \u201cEl Pont\u00edfice no dice nada nuevo. No ha cambiado la ense\u00f1anza de la Iglesia sobre la convivencia de personas del mismo sexo\u201d. Entrevistado por Alberto Gonz\u00e1lez [&hellip;]<\/p>\n","protected":false},"author":1,"featured_media":6155,"comment_status":"open","ping_status":"open","sticky":false,"template":"","format":"standard","meta":[],"categories":[11],"tags":[],"_links":{"self":[{"href":"http:\/\/www.impactohuasteco.com\/index.php?rest_route=\/wp\/v2\/posts\/6154"}],"collection":[{"href":"http:\/\/www.impactohuasteco.com\/index.php?rest_route=\/wp\/v2\/posts"}],"about":[{"href":"http:\/\/www.impactohuasteco.com\/index.php?rest_route=\/wp\/v2\/types\/post"}],"author":[{"embeddable":true,"href":"http:\/\/www.impactohuasteco.com\/index.php?rest_route=\/wp\/v2\/users\/1"}],"replies":[{"embeddable":true,"href":"http:\/\/www.impactohuasteco.com\/index.php?rest_route=%2Fwp%2Fv2%2Fcomments&post=6154"}],"version-history":[{"count":1,"href":"http:\/\/www.impactohuasteco.com\/index.php?rest_route=\/wp\/v2\/posts\/6154\/revisions"}],"predecessor-version":[{"id":6156,"href":"http:\/\/www.impactohuasteco.com\/index.php?rest_route=\/wp\/v2\/posts\/6154\/revisions\/6156"}],"wp:featuredmedia":[{"embeddable":true,"href":"http:\/\/www.impactohuasteco.com\/index.php?rest_route=\/wp\/v2\/media\/6155"}],"wp:attachment":[{"href":"http:\/\/www.impactohuasteco.com\/index.php?rest_route=%2Fwp%2Fv2%2Fmedia&parent=6154"}],"wp:term":[{"taxonomy":"category","embeddable":true,"href":"http:\/\/www.impactohuasteco.com\/index.php?rest_route=%2Fwp%2Fv2%2Fcategories&post=6154"},{"taxonomy":"post_tag","embeddable":true,"href":"http:\/\/www.impactohuasteco.com\/index.php?rest_route=%2Fwp%2Fv2%2Ftags&post=6154"}],"curies":[{"name":"wp","href":"https:\/\/api.w.org\/{rel}","templated":true}]}}