{"id":6262,"date":"2020-10-29T01:41:53","date_gmt":"2020-10-29T01:41:53","guid":{"rendered":"http:\/\/www.impactohuasteco.com\/?p=6262"},"modified":"2020-10-29T01:41:53","modified_gmt":"2020-10-29T01:41:53","slug":"organizaciones-sociales-y-campesinas-piden-al-gobierno-federal-suspender-el-pago-de-la-deuda-publica-y-declararse-en-moratoria","status":"publish","type":"post","link":"http:\/\/www.impactohuasteco.com\/?p=6262","title":{"rendered":"ORGANIZACIONES SOCIALES Y CAMPESINAS PIDEN AL GOBIERNO FEDERAL   SUSPENDER EL PAGO DE LA DEUDA P\u00daBLICA Y DECLARARSE EN MORATORIA"},"content":{"rendered":"<ul>\n<li style=\"list-style-type: none\">\n<ul>\n<li><strong>Esto ser\u00eda por lo menos dos a\u00f1os y renegociarla para que se pueda contar con recursos suficientes para atender demandas de obras y servicios p\u00fablicos.\u00a0<\/strong><strong>\n<p><\/strong><\/p>\n<p>Irineo P\u00e9rez Melo. 28 de octubre de 2020. \u00a0Ante los problemas sanitarios y de crisis econ\u00f3mica que enfrenta nuestro pa\u00eds, organizaciones campesinas y sociales se sumaron a la iniciativa de suspender el pago de la deuda p\u00fablica externa y declararse en moratoria, por un periodo de dos a\u00f1os y renegociarla para que el gobierno federal cuente con recursos suficientes para brindar obras y servicios a los mexicanos.<\/p>\n<p>En conferencia de prensa virtual convocada por el Movimiento Campesino Veracruzano #ElCampoEsDeTodos, se dio a conocer el posicionamiento de organizaciones campesinas, ind\u00edgenas y de productores sobre la iniciativa impulsado por la Promotora por la Suspensi\u00f3n de Pago de la Deuda P\u00fablica, y renegociarla, como lo han realizado con mucho \u00e9xito, pa\u00edses como Ecuador y Argentina.<br \/>\n<img loading=\"lazy\" class=\"alignleft  wp-image-6264\" src=\"http:\/\/www.impactohuasteco.com\/wp-content\/uploads\/2020\/10\/thumbnail_LUIS-G\u00d3MEZ-GARAY-300x158.jpg\" alt=\"\" width=\"530\" height=\"279\" srcset=\"http:\/\/www.impactohuasteco.com\/wp-content\/uploads\/2020\/10\/thumbnail_LUIS-G\u00d3MEZ-GARAY-300x158.jpg 300w, http:\/\/www.impactohuasteco.com\/wp-content\/uploads\/2020\/10\/thumbnail_LUIS-G\u00d3MEZ-GARAY-1024x539.jpg 1024w, http:\/\/www.impactohuasteco.com\/wp-content\/uploads\/2020\/10\/thumbnail_LUIS-G\u00d3MEZ-GARAY-768x404.jpg 768w, http:\/\/www.impactohuasteco.com\/wp-content\/uploads\/2020\/10\/thumbnail_LUIS-G\u00d3MEZ-GARAY-600x315.jpg 600w, http:\/\/www.impactohuasteco.com\/wp-content\/uploads\/2020\/10\/thumbnail_LUIS-G\u00d3MEZ-GARAY-400x211.jpg 400w, http:\/\/www.impactohuasteco.com\/wp-content\/uploads\/2020\/10\/thumbnail_LUIS-G\u00d3MEZ-GARAY-1139x600.jpg 1139w, http:\/\/www.impactohuasteco.com\/wp-content\/uploads\/2020\/10\/thumbnail_LUIS-G\u00d3MEZ-GARAY.jpg 1280w\" sizes=\"(max-width: 530px) 100vw, 530px\" \/>Jos\u00e9 Luis Hern\u00e1ndez Ayala, representante de la Promotora por la Suspensi\u00f3n por el pago de la deuda p\u00fablica, dio a conocer que con los 750 mil millones de pesos que se pagan anualmente por concepto de intereses, se podr\u00edan dedicar para obra p\u00fablica, impulsar la econom\u00eda, apoyar a las peque\u00f1as y medianas industrias, pagar una renta b\u00e1sica universal y otras acciones que pueden ser en beneficio de la poblaci\u00f3n y que efectivamente que permitan la reactivaci\u00f3n de la econom\u00eda.<\/p>\n<p>Luego de dar a conocer que el gobierno de M\u00e9xico ha tenido una pol\u00edtica acertada de no pedir m\u00e1s deuda, sin embargo, \u00e9sta est\u00e1 aumentando por los efectos de la devaluaci\u00f3n y de la ca\u00edda en la producci\u00f3n, as\u00ed como por los convenios suscritos con los organismos internacionales.<\/p>\n<p>De esta manera, dijo, de los 10.5 billones de pesos que se ten\u00edan de deuda a diciembre de 2018, se prev\u00e9 que para este 2020 se llegue a 12.6 y para el 2021 hasta los 13.4 billones de pesos y que representa en t\u00e9rminos del porcentaje del Producto Interno Bruto significa que en el 18 representaba la deuda un 44.8% y para el 21 puede llegar al 54.7.<\/li>\n<\/ul>\n<\/li>\n<\/ul>\n<p>Explic\u00f3 que nuestro pa\u00eds no ha resentido todav\u00eda los efectos de este incremento, por las medidas que se han adoptado por los organismos financieros mundiales, quienes han mantenido interesa con tasa cero a los pr\u00e9stamos otorgados y una inyecci\u00f3n masiva en los circuitos financieros internacionales que le han dado liquidez, lo que ha generado que muchos capitales del norte est\u00e1n comprando t\u00edtulos de deuda de los pa\u00edses del sur.<br \/>\n<img loading=\"lazy\" class=\"alignleft  wp-image-6265\" src=\"http:\/\/www.impactohuasteco.com\/wp-content\/uploads\/2020\/10\/thumbnail_MOIS\u00c9S-REYES-FAUSTO-300x226.jpg\" alt=\"\" width=\"530\" height=\"399\" srcset=\"http:\/\/www.impactohuasteco.com\/wp-content\/uploads\/2020\/10\/thumbnail_MOIS\u00c9S-REYES-FAUSTO-300x226.jpg 300w, http:\/\/www.impactohuasteco.com\/wp-content\/uploads\/2020\/10\/thumbnail_MOIS\u00c9S-REYES-FAUSTO-768x578.jpg 768w, http:\/\/www.impactohuasteco.com\/wp-content\/uploads\/2020\/10\/thumbnail_MOIS\u00c9S-REYES-FAUSTO-400x301.jpg 400w, http:\/\/www.impactohuasteco.com\/wp-content\/uploads\/2020\/10\/thumbnail_MOIS\u00c9S-REYES-FAUSTO-798x600.jpg 798w, http:\/\/www.impactohuasteco.com\/wp-content\/uploads\/2020\/10\/thumbnail_MOIS\u00c9S-REYES-FAUSTO.jpg 948w\" sizes=\"(max-width: 530px) 100vw, 530px\" \/>\u201cEsto ha evitado que la crisis estalle con fuerza, pero esas medidas est\u00e1n sostenidas con alfileres, que en un momento dado, por la quiebra de un banco o la ca\u00edda de una Bolsa de Valores de alg\u00fan pa\u00eds, podr\u00eda desatar una cat\u00e1strofe, afectando a los pa\u00edses en desarrollo como M\u00e9xico (que tiene una ca\u00edda de casi -10%), debido a la ca\u00edda en la producci\u00f3n\u201d, a\u00f1adi\u00f3.<\/p>\n<p>Ante este escenario delicado y preocupante \u201cdebemos anticiparnos antes de que estalle la crisis y proponer y poner en la mesa de debates qu\u00e9 hacer ante esta situaci\u00f3n y no queda otra m\u00e1s que una declaratoria de una moratoria de pago de por lo menos dos a\u00f1os, bajo el argumento de que M\u00e9xico vive una situaci\u00f3n extraordinaria producto del COVID-19, lo cual justifica la renegociaci\u00f3n de la deuda p\u00fablica\u201d, subray\u00f3.<\/p>\n<p>Insisti\u00f3 en plantear la moratoria y paralelamente realizar una auditor\u00eda, \u201cporque mucha parte de esa deuda es inmoral e injustificada como la del Fobaproa, junto con el rescate carretero, de los ingenios azucareros, implican la posibilidad de desconocer esta deuda p\u00fablica y de manera paralela, interponer denuncias penales contra los que lo llevaron a cabo\u201d.<\/p>\n<p><strong>Deuda externa tiene efectos negativos \u00a0<\/strong><\/p>\n<p><strong>para el desarrollo nacional: Luis G\u00f3mez\u00a0<\/strong><\/p>\n<p>En su oportunidad, Luis G\u00f3mez Garay, secretario general del Comit\u00e9 Ejecutivo Nacional de la Uni\u00f3n General Obrera Campesina y Popular (UGOCP) al dar a conocer el posicionamiento del Movimiento Campesino El Campo es de todos, dijo que dicha deuda externa del sector p\u00fablico representa un poco m\u00e1s del 50% del PIB del pa\u00eds, la doceava econom\u00eda del mundo<\/p>\n<p>Destac\u00f3 que dicha deuda de alrededor de los 305 mil millones de d\u00f3lares, tiene un efecto negativo para el desarrollo nacional, sometiendo a las finanzas de la naci\u00f3n a una gran presi\u00f3n financiera que impide que nuestro pa\u00eds invierta en sectores estrat\u00e9gicos de la naci\u00f3n y logre potenciar su desarrollo econ\u00f3mico a favor de los mexicanos.<br \/>\n\u201cNing\u00fan pa\u00eds est\u00e1 en condiciones de crecer y dar vida digna a sus ciudadanos con esta pesada carga en sus espaldas. Menos en el marco de la emergencia sanitaria provocada por el COVID en este a\u00f1o, que genera una fuerte la escasez de recursos para atender la salud de los mexicanos\u201d, agreg\u00f3.<br \/>\n<a href=\"http:\/\/www.impactohuasteco.com\/wp-content\/uploads\/2020\/10\/thumbnail_JOSE-LUIS-HERN\u00c1NDEZ-AYALA.jpg\"><img loading=\"lazy\" class=\"alignleft  wp-image-6263\" src=\"http:\/\/www.impactohuasteco.com\/wp-content\/uploads\/2020\/10\/thumbnail_JOSE-LUIS-HERN\u00c1NDEZ-AYALA-300x216.jpg\" alt=\"\" width=\"546\" height=\"393\" srcset=\"http:\/\/www.impactohuasteco.com\/wp-content\/uploads\/2020\/10\/thumbnail_JOSE-LUIS-HERN\u00c1NDEZ-AYALA-300x216.jpg 300w, http:\/\/www.impactohuasteco.com\/wp-content\/uploads\/2020\/10\/thumbnail_JOSE-LUIS-HERN\u00c1NDEZ-AYALA-768x554.jpg 768w, http:\/\/www.impactohuasteco.com\/wp-content\/uploads\/2020\/10\/thumbnail_JOSE-LUIS-HERN\u00c1NDEZ-AYALA-400x288.jpg 400w, http:\/\/www.impactohuasteco.com\/wp-content\/uploads\/2020\/10\/thumbnail_JOSE-LUIS-HERN\u00c1NDEZ-AYALA-832x600.jpg 832w, http:\/\/www.impactohuasteco.com\/wp-content\/uploads\/2020\/10\/thumbnail_JOSE-LUIS-HERN\u00c1NDEZ-AYALA.jpg 979w\" sizes=\"(max-width: 546px) 100vw, 546px\" \/><\/a><br \/>\nSe\u00f1al\u00f3 que est\u00e1 permanente y creciente sangr\u00eda de recursos p\u00fablicos implica un gran freno a los recursos disponibles para el desarrollo nacional.<\/p>\n<p>En ese contexto, dijo que el Movimiento Campesino #ElCampoEsDeTodos comparte el planteamiento realizado por la Promotora Nacional para suspensi\u00f3n del Pago de la Deuda Externa de Suspensi\u00f3n de esos pagos considerando que hoy en d\u00eda el pago de la Deuda Externa P\u00fablica del Gobierno Federal y sus Empresas Productivas representan un obst\u00e1culo para el desarrollo de la naci\u00f3n.<\/p>\n<p>\u201cDebe procederse a la suspensi\u00f3n de pagos para reorientar esos recursos al desarrollo nacional, revisar la moralidad de esos adeudos, que en nuestra opini\u00f3n se han pagado ya varias veces y revisar las obras y acciones realizadas con esos recursos para hacer transparente su aplicaci\u00f3n\u201d, a\u00f1adi\u00f3 por \u00faltimo.<\/p>\n<p>En su participaci\u00f3n, Mois\u00e9s Reyes Fausto, secretario general de la Central Campesina Cardenista (CCC) en el estado de Veracruz, hizo un llamado a todos los sectores productivos a sumarse a esta iniciativa para exigirle al gobierno de Andr\u00e9s L\u00f3pez Obrador, porque de persistir la crisis econ\u00f3mica y sanitaria en el pa\u00eds, no habr\u00e1 recursos suficientes para atender la contingencia que se vive.<\/p>\n<p>Consider\u00f3 que es necesario atender este llamado para estar en condiciones de atender la renegociaci\u00f3n de los pagos y servicios de la deuda, sobre todo por la escasez de los recursos y la ca\u00edda de los impuestos que tiene nuestro pa\u00eds, generado por la pobreza y7 falta de empleo de la poblaci\u00f3n, por lo que no puede haber un pretexto para decir que no se puede poner en mesa de la discusi\u00f3n este asunto.<\/p>\n<p>Finalmente, se dio a conocer que este tema ya fue puesto del conocimiento de los diputados a trav\u00e9s de la diputada federal morenista Edith Casta\u00f1eda, por lo que los urgieron a tomar las medidas correspondientes, \u201cporque es una bomba que va a estallar\u201d si no se atiende de inmediato.<\/p>\n<p>&nbsp;<\/p>\n","protected":false},"excerpt":{"rendered":"<p>Esto ser\u00eda por lo menos dos a\u00f1os y renegociarla para que se pueda contar con recursos suficientes para atender demandas de obras y servicios p\u00fablicos.\u00a0 Irineo P\u00e9rez Melo. 28 de octubre de 2020. \u00a0Ante los problemas sanitarios y de crisis econ\u00f3mica que enfrenta nuestro pa\u00eds, organizaciones campesinas y sociales se sumaron a la iniciativa de suspender el pago de la deuda p\u00fablica externa y declararse en moratoria, por un periodo de dos a\u00f1os y renegociarla para que el gobierno federal cuente con recursos suficientes para brindar obras y servicios a los mexicanos. En conferencia de prensa virtual convocada por el [&hellip;]<\/p>\n","protected":false},"author":1,"featured_media":6263,"comment_status":"open","ping_status":"open","sticky":false,"template":"","format":"standard","meta":[],"categories":[11],"tags":[],"_links":{"self":[{"href":"http:\/\/www.impactohuasteco.com\/index.php?rest_route=\/wp\/v2\/posts\/6262"}],"collection":[{"href":"http:\/\/www.impactohuasteco.com\/index.php?rest_route=\/wp\/v2\/posts"}],"about":[{"href":"http:\/\/www.impactohuasteco.com\/index.php?rest_route=\/wp\/v2\/types\/post"}],"author":[{"embeddable":true,"href":"http:\/\/www.impactohuasteco.com\/index.php?rest_route=\/wp\/v2\/users\/1"}],"replies":[{"embeddable":true,"href":"http:\/\/www.impactohuasteco.com\/index.php?rest_route=%2Fwp%2Fv2%2Fcomments&post=6262"}],"version-history":[{"count":1,"href":"http:\/\/www.impactohuasteco.com\/index.php?rest_route=\/wp\/v2\/posts\/6262\/revisions"}],"predecessor-version":[{"id":6266,"href":"http:\/\/www.impactohuasteco.com\/index.php?rest_route=\/wp\/v2\/posts\/6262\/revisions\/6266"}],"wp:featuredmedia":[{"embeddable":true,"href":"http:\/\/www.impactohuasteco.com\/index.php?rest_route=\/wp\/v2\/media\/6263"}],"wp:attachment":[{"href":"http:\/\/www.impactohuasteco.com\/index.php?rest_route=%2Fwp%2Fv2%2Fmedia&parent=6262"}],"wp:term":[{"taxonomy":"category","embeddable":true,"href":"http:\/\/www.impactohuasteco.com\/index.php?rest_route=%2Fwp%2Fv2%2Fcategories&post=6262"},{"taxonomy":"post_tag","embeddable":true,"href":"http:\/\/www.impactohuasteco.com\/index.php?rest_route=%2Fwp%2Fv2%2Ftags&post=6262"}],"curies":[{"name":"wp","href":"https:\/\/api.w.org\/{rel}","templated":true}]}}