{"id":6289,"date":"2020-11-01T05:39:13","date_gmt":"2020-11-01T05:39:13","guid":{"rendered":"http:\/\/www.impactohuasteco.com\/?p=6289"},"modified":"2020-11-01T05:39:13","modified_gmt":"2020-11-01T05:39:13","slug":"continua-comision-de-educacion-trabajos-de-la-reforma-educativa","status":"publish","type":"post","link":"http:\/\/www.impactohuasteco.com\/?p=6289","title":{"rendered":"CONTIN\u00daA COMISI\u00d3N DE EDUCACI\u00d3N TRABAJOS DE LA REFORMA EDUCATIVA"},"content":{"rendered":"<ul>\n<li><strong>El sector magisterial con miras a consolidar la educaci\u00f3n en el estado de Veracruz, manteniendo la estrecha vinculaci\u00f3n con los gobiernos tanto como estatal y federal.<\/strong><\/li>\n<\/ul>\n<p><strong>Cleofas Hern\u00e1ndez.<\/strong><\/p>\n<p><strong>Xalapa, Ver. 30 de Octubre de 2020<\/strong>. \u00a0Los diputados Le\u00f3n David Jim\u00e9nez Reyes y V\u00edctor Emmanuel Vargas Barrientos y la diputada Adriana Esther Mart\u00ednez S\u00e1nchez, presidente, secretario y vocal de La Comisi\u00f3n Permanente de Educaci\u00f3n y Cultura, celebraron reuni\u00f3n de seguimiento al an\u00e1lisis de las propuestas para las leyes secundarias de la Reforma Educativa.<\/p>\n<p><img loading=\"lazy\" class=\"alignleft  wp-image-6292\" src=\"http:\/\/www.impactohuasteco.com\/wp-content\/uploads\/2020\/11\/thumbnail_Foto-2-300x200.jpg\" alt=\"\" width=\"449\" height=\"299\" srcset=\"http:\/\/www.impactohuasteco.com\/wp-content\/uploads\/2020\/11\/thumbnail_Foto-2-300x200.jpg 300w, http:\/\/www.impactohuasteco.com\/wp-content\/uploads\/2020\/11\/thumbnail_Foto-2-768x512.jpg 768w, http:\/\/www.impactohuasteco.com\/wp-content\/uploads\/2020\/11\/thumbnail_Foto-2-400x266.jpg 400w, http:\/\/www.impactohuasteco.com\/wp-content\/uploads\/2020\/11\/thumbnail_Foto-2-901x600.jpg 901w, http:\/\/www.impactohuasteco.com\/wp-content\/uploads\/2020\/11\/thumbnail_Foto-2.jpg 1024w\" sizes=\"(max-width: 449px) 100vw, 449px\" \/><\/p>\n<p><img loading=\"lazy\" class=\"alignleft  wp-image-6293\" src=\"http:\/\/www.impactohuasteco.com\/wp-content\/uploads\/2020\/11\/thumbnail_Foto-3-300x200.jpg\" alt=\"\" width=\"763\" height=\"508\" srcset=\"http:\/\/www.impactohuasteco.com\/wp-content\/uploads\/2020\/11\/thumbnail_Foto-3-300x200.jpg 300w, http:\/\/www.impactohuasteco.com\/wp-content\/uploads\/2020\/11\/thumbnail_Foto-3-768x512.jpg 768w, http:\/\/www.impactohuasteco.com\/wp-content\/uploads\/2020\/11\/thumbnail_Foto-3-400x266.jpg 400w, http:\/\/www.impactohuasteco.com\/wp-content\/uploads\/2020\/11\/thumbnail_Foto-3-901x600.jpg 901w, http:\/\/www.impactohuasteco.com\/wp-content\/uploads\/2020\/11\/thumbnail_Foto-3.jpg 1024w\" sizes=\"(max-width: 763px) 100vw, 763px\" \/><\/p>\n<p>Al destacar la buena marcha de los trabajos, coincidieron en que las propuestas emanadas del sector magisterial constituyen una importante contribuci\u00f3n con miras a consolidar la educaci\u00f3n en el estado, manteniendo el v\u00ednculo con el magisterio y la estrecha colaboraci\u00f3n con los gobiernos federal y estatal.<a href=\"http:\/\/www.impactohuasteco.com\/wp-content\/uploads\/2020\/11\/thumbnail_Foto-4.jpg\"><img loading=\"lazy\" class=\"alignleft  wp-image-6294\" src=\"http:\/\/www.impactohuasteco.com\/wp-content\/uploads\/2020\/11\/thumbnail_Foto-4-300x200.jpg\" alt=\"\" width=\"792\" height=\"528\" srcset=\"http:\/\/www.impactohuasteco.com\/wp-content\/uploads\/2020\/11\/thumbnail_Foto-4-300x200.jpg 300w, http:\/\/www.impactohuasteco.com\/wp-content\/uploads\/2020\/11\/thumbnail_Foto-4-768x512.jpg 768w, http:\/\/www.impactohuasteco.com\/wp-content\/uploads\/2020\/11\/thumbnail_Foto-4-400x266.jpg 400w, http:\/\/www.impactohuasteco.com\/wp-content\/uploads\/2020\/11\/thumbnail_Foto-4-901x600.jpg 901w, http:\/\/www.impactohuasteco.com\/wp-content\/uploads\/2020\/11\/thumbnail_Foto-4.jpg 1024w\" sizes=\"(max-width: 792px) 100vw, 792px\" \/><\/a><\/p>\n","protected":false},"excerpt":{"rendered":"<p>El sector magisterial con miras a consolidar la educaci\u00f3n en el estado de Veracruz, manteniendo la estrecha vinculaci\u00f3n con los gobiernos tanto como estatal y federal. Cleofas Hern\u00e1ndez. Xalapa, Ver. 30 de Octubre de 2020. \u00a0Los diputados Le\u00f3n David Jim\u00e9nez Reyes y V\u00edctor Emmanuel Vargas Barrientos y la diputada Adriana Esther Mart\u00ednez S\u00e1nchez, presidente, secretario y vocal de La Comisi\u00f3n Permanente de Educaci\u00f3n y Cultura, celebraron reuni\u00f3n de seguimiento al an\u00e1lisis de las propuestas para las leyes secundarias de la Reforma Educativa. Al destacar la buena marcha de los trabajos, coincidieron en que las propuestas emanadas del sector magisterial constituyen [&hellip;]<\/p>\n","protected":false},"author":1,"featured_media":6291,"comment_status":"open","ping_status":"open","sticky":false,"template":"","format":"standard","meta":[],"categories":[11],"tags":[],"_links":{"self":[{"href":"http:\/\/www.impactohuasteco.com\/index.php?rest_route=\/wp\/v2\/posts\/6289"}],"collection":[{"href":"http:\/\/www.impactohuasteco.com\/index.php?rest_route=\/wp\/v2\/posts"}],"about":[{"href":"http:\/\/www.impactohuasteco.com\/index.php?rest_route=\/wp\/v2\/types\/post"}],"author":[{"embeddable":true,"href":"http:\/\/www.impactohuasteco.com\/index.php?rest_route=\/wp\/v2\/users\/1"}],"replies":[{"embeddable":true,"href":"http:\/\/www.impactohuasteco.com\/index.php?rest_route=%2Fwp%2Fv2%2Fcomments&post=6289"}],"version-history":[{"count":3,"href":"http:\/\/www.impactohuasteco.com\/index.php?rest_route=\/wp\/v2\/posts\/6289\/revisions"}],"predecessor-version":[{"id":6297,"href":"http:\/\/www.impactohuasteco.com\/index.php?rest_route=\/wp\/v2\/posts\/6289\/revisions\/6297"}],"wp:featuredmedia":[{"embeddable":true,"href":"http:\/\/www.impactohuasteco.com\/index.php?rest_route=\/wp\/v2\/media\/6291"}],"wp:attachment":[{"href":"http:\/\/www.impactohuasteco.com\/index.php?rest_route=%2Fwp%2Fv2%2Fmedia&parent=6289"}],"wp:term":[{"taxonomy":"category","embeddable":true,"href":"http:\/\/www.impactohuasteco.com\/index.php?rest_route=%2Fwp%2Fv2%2Fcategories&post=6289"},{"taxonomy":"post_tag","embeddable":true,"href":"http:\/\/www.impactohuasteco.com\/index.php?rest_route=%2Fwp%2Fv2%2Ftags&post=6289"}],"curies":[{"name":"wp","href":"https:\/\/api.w.org\/{rel}","templated":true}]}}