{"id":7107,"date":"2021-01-07T06:00:30","date_gmt":"2021-01-07T06:00:30","guid":{"rendered":"http:\/\/www.impactohuasteco.com\/?p=7107"},"modified":"2021-01-07T06:00:30","modified_gmt":"2021-01-07T06:00:30","slug":"dos-anos-llevamos-padeciendo-la-cuesta-de-enero-medidas-economicas-aplicadas-no-han-funcionado-prd","status":"publish","type":"post","link":"http:\/\/www.impactohuasteco.com\/?p=7107","title":{"rendered":"DOS A\u00d1OS LLEVAMOS PADECIENDO LA \u201cCUESTA DE ENERO\u201d;   MEDIDAS ECON\u00d3MICAS APLICADAS NO HAN FUNCIONADO: PRD"},"content":{"rendered":"<ul>\n<li><strong>Impuesto a gasolinas, duro golpe a la econom\u00eda nacional; generar\u00e1 escalada de precios: Sergio Cadena.\u00a0<\/strong><strong>\n<p><\/strong><\/li>\n<\/ul>\n<p>Irineo P\u00e9rez Melo.-\u00a0\u00a0Sergio Cadena Mart\u00ednez, presidente de la direcci\u00f3n estatal ejecutiva del Partido de la Revoluci\u00f3n Democr\u00e1tica (PRD) en Veracruz, asegur\u00f3 que con las medidas econ\u00f3micas que la actual administraci\u00f3n federal ha tomado a inicio de a\u00f1o, la famosa y tradicional \u201ccuesta de enero\u201d est\u00e1 lejos de desaparecer y por el contrario perpetua su presencia, que en M\u00e9xico lleva ya dos a\u00f1os ininterrumpidos.<\/p>\n<p>En entrevista, el dirigente estatal perredista sostuvo que la actualizaci\u00f3n del Impuesto Especial sobre Producci\u00f3n y Servicios (IEPS) del 3.3 por ciento a la gasolina, se trata no de un duro, sino de un severo golpe a la econom\u00eda popular, ya que esta actualizaci\u00f3n no es m\u00e1s que un aumento de impuestos disfrazado, lo que de inmediato genera una escalada de precios de la canasta b\u00e1sica,<\/p>\n<p>Record\u00f3 que el pasado 28 de diciembre el mandatario federal apuntaba en su tradicional conferencia ma\u00f1anera que no habr\u00eda aumento a la gasolina en 2021, y al d\u00eda siguiente se contradijo al decir que \u201cen t\u00e9rminos reales no hay aumento\u201d pero s\u00ed habr\u00eda un ajuste por la inflaci\u00f3n.<\/p>\n<p>Por lo anterior, dijo, la gasolina abri\u00f3 el 2021 con un aumento del 3.3 por ciento lo que se ver\u00e1 reflejado en un incremento generalizado del costo de los productos de la canasta b\u00e1sica en perjuicio de la poblaci\u00f3n en general, pero sobre todo de los sectores m\u00e1s vulnerables por su limitado ingreso econ\u00f3mico.<\/p>\n<p>\u201cLa Alianza Nacional de Peque\u00f1os Comerciantes ya dio a conocer que s\u00ed se ver\u00e1n incrementados los precios de las frutas y verduras, pero adem\u00e1s de las medicinas, c\u00e1rnicos como el res, pollo, puerco, pescados y mariscos, debido a la actualizaci\u00f3n del IEPS en gasolinas y bebidas azucaradas, por lo que el incremento en los precios se calcula ya en un promedio del 15 por ciento, respecto al 2019\u201d, detall\u00f3.<\/p>\n<p>El dirigente del Sol Azteca en Veracruz hizo un llamado a la ciudadan\u00eda en general a tomar en cuenta y a no olvidar este tipo de atentados en contra de la econom\u00eda familiar, ya que la situaci\u00f3n provocada por el Covid-19 ya es complicada como para todav\u00eda sumarle aumentos a los productos que consumen todas las familias, que este a\u00f1o han vivido la p\u00e9rdida de su poder adquisitivo, de millones de empleos, de su salud y de familiares y amigos.<\/p>\n<p>\u201cDebemos reflexionar juntos, debemos pensar bien en lo que vamos a decidir en las elecciones de junio pr\u00f3ximo, ya que la mayor\u00eda de la sociedad y los sectores productivos fueron afectados y llevan dos a\u00f1os cuesta arriba; ya se dieron cuenta y la gente lo est\u00e1 padeciendo todos los d\u00edas, que lo ofrecido por el actual gobierno fue solo una promesa y una falacia, debemos hacer algo por recuperar nuestro estado y pa\u00eds porque est\u00e1 en serio riesgo el futuro y el destino de la actual generaci\u00f3n de mexicanos y veracruzanos\u201d, concluy\u00f3.<\/p>\n","protected":false},"excerpt":{"rendered":"<p>Impuesto a gasolinas, duro golpe a la econom\u00eda nacional; generar\u00e1 escalada de precios: Sergio Cadena.\u00a0 Irineo P\u00e9rez Melo.-\u00a0\u00a0Sergio Cadena Mart\u00ednez, presidente de la direcci\u00f3n estatal ejecutiva del Partido de la Revoluci\u00f3n Democr\u00e1tica (PRD) en Veracruz, asegur\u00f3 que con las medidas econ\u00f3micas que la actual administraci\u00f3n federal ha tomado a inicio de a\u00f1o, la famosa y tradicional \u201ccuesta de enero\u201d est\u00e1 lejos de desaparecer y por el contrario perpetua su presencia, que en M\u00e9xico lleva ya dos a\u00f1os ininterrumpidos. En entrevista, el dirigente estatal perredista sostuvo que la actualizaci\u00f3n del Impuesto Especial sobre Producci\u00f3n y Servicios (IEPS) del 3.3 por ciento [&hellip;]<\/p>\n","protected":false},"author":1,"featured_media":7109,"comment_status":"open","ping_status":"open","sticky":false,"template":"","format":"standard","meta":[],"categories":[11],"tags":[],"_links":{"self":[{"href":"http:\/\/www.impactohuasteco.com\/index.php?rest_route=\/wp\/v2\/posts\/7107"}],"collection":[{"href":"http:\/\/www.impactohuasteco.com\/index.php?rest_route=\/wp\/v2\/posts"}],"about":[{"href":"http:\/\/www.impactohuasteco.com\/index.php?rest_route=\/wp\/v2\/types\/post"}],"author":[{"embeddable":true,"href":"http:\/\/www.impactohuasteco.com\/index.php?rest_route=\/wp\/v2\/users\/1"}],"replies":[{"embeddable":true,"href":"http:\/\/www.impactohuasteco.com\/index.php?rest_route=%2Fwp%2Fv2%2Fcomments&post=7107"}],"version-history":[{"count":2,"href":"http:\/\/www.impactohuasteco.com\/index.php?rest_route=\/wp\/v2\/posts\/7107\/revisions"}],"predecessor-version":[{"id":7110,"href":"http:\/\/www.impactohuasteco.com\/index.php?rest_route=\/wp\/v2\/posts\/7107\/revisions\/7110"}],"wp:featuredmedia":[{"embeddable":true,"href":"http:\/\/www.impactohuasteco.com\/index.php?rest_route=\/wp\/v2\/media\/7109"}],"wp:attachment":[{"href":"http:\/\/www.impactohuasteco.com\/index.php?rest_route=%2Fwp%2Fv2%2Fmedia&parent=7107"}],"wp:term":[{"taxonomy":"category","embeddable":true,"href":"http:\/\/www.impactohuasteco.com\/index.php?rest_route=%2Fwp%2Fv2%2Fcategories&post=7107"},{"taxonomy":"post_tag","embeddable":true,"href":"http:\/\/www.impactohuasteco.com\/index.php?rest_route=%2Fwp%2Fv2%2Ftags&post=7107"}],"curies":[{"name":"wp","href":"https:\/\/api.w.org\/{rel}","templated":true}]}}