{"id":7539,"date":"2021-02-11T05:21:03","date_gmt":"2021-02-11T05:21:03","guid":{"rendered":"http:\/\/www.impactohuasteco.com\/?p=7539"},"modified":"2021-02-11T05:21:03","modified_gmt":"2021-02-11T05:21:03","slug":"confirma-gonzalo-vicencio-su-renuncia-a-morena-no-coinciden-pensamientos-ideologicos-entre-el-y-quienes-representan-al-partido","status":"publish","type":"post","link":"http:\/\/www.impactohuasteco.com\/?p=7539","title":{"rendered":"CONFIRMA GONZALO VICENCIO SU RENUNCIA A MORENA; NO COINCIDEN PENSAMIENTOS IDEOL\u00d3GICOS ENTRE \u00c9L Y QUIENES REPRESENTAN AL PARTIDO"},"content":{"rendered":"<p><strong>Este jueves rendir\u00e1 protesta como delegado nacional del CEN de Fuerza por M\u00e9xico ante el dirigente Gerardo Islas Maldonado<\/strong><\/p>\n<p><strong>\u00a0<\/strong>Irineo P\u00e9rez Melo.- Luego de varios de haber amagado con dejar las filas del Partido Movimiento de Regeneraci\u00f3n Nacional (Morena), este mi\u00e9rcoles se confirm\u00f3 la salida de Gonzalo Vicencio Flores a dicho instituto pol\u00edtico y anunci\u00f3 que asumir\u00e1 el nombramiento de Delegado Nacional del Partido Fuerza por M\u00e9xico en el estado de Veracruz.<\/p>\n<p>Quien fungi\u00f3 como Secretario General del Comit\u00e9 Directivo Estatal de Morena en la entidad, y ser habilitado como presidente del mismo seg\u00fan acuerdo de fecha 2 de noviembre de 2020 en un escrito dirigido a la C. Bertha Elena Luj\u00e1n Uranga, presidenta del Consejo Nacional morenista, admiti\u00f3 que su renuncia fue de car\u00e1cter personal.<\/p>\n<p><img loading=\"lazy\" class=\"alignleft  wp-image-7541\" src=\"http:\/\/www.impactohuasteco.com\/wp-content\/uploads\/2021\/02\/GONZALO-VICENCIO-FLORES-300x224.jpg\" alt=\"\" width=\"597\" height=\"446\" srcset=\"http:\/\/www.impactohuasteco.com\/wp-content\/uploads\/2021\/02\/GONZALO-VICENCIO-FLORES-300x224.jpg 300w, http:\/\/www.impactohuasteco.com\/wp-content\/uploads\/2021\/02\/GONZALO-VICENCIO-FLORES-1024x766.jpg 1024w, http:\/\/www.impactohuasteco.com\/wp-content\/uploads\/2021\/02\/GONZALO-VICENCIO-FLORES-768x574.jpg 768w, http:\/\/www.impactohuasteco.com\/wp-content\/uploads\/2021\/02\/GONZALO-VICENCIO-FLORES-400x299.jpg 400w, http:\/\/www.impactohuasteco.com\/wp-content\/uploads\/2021\/02\/GONZALO-VICENCIO-FLORES-803x600.jpg 803w, http:\/\/www.impactohuasteco.com\/wp-content\/uploads\/2021\/02\/GONZALO-VICENCIO-FLORES.jpg 1280w\" sizes=\"(max-width: 597px) 100vw, 597px\" \/><\/p>\n<p>Expone que la decisi\u00f3n tomada es en \u201craz\u00f3n de que los pensamientos ideol\u00f3gicos que se tienen entre el suscrito y los que representan al partido Morena, no coincidimos\u201d y agradece a los integrantes del Consejo Nacional y del Comit\u00e9 Ejecutivo Nacional por haberle permitido \u201cser parte importante de su estructura pol\u00edtica. Esperando que sigan teniendo \u00e9xitos como sucedi\u00f3 en el a\u00f1o 2018\u201d.<\/p>\n<p>Lo cierto es que la decisi\u00f3n tomada obedece a las disputas que se dieron con Esteban Ram\u00edrez Zepeta, luego de que la dirigencia nacional morenista lo facult\u00f3 para representar a este partido para la conformaci\u00f3n de la alianza Juntos haremos historia con los partidos del Trabajo y Verde Ecologista de M\u00e9xico para las elecciones de las diputaciones locales y presidencias municipales.<\/p>\n<p>Con la decisi\u00f3n tomada por Vicencio Flores, el partido guinda se queda sin directriz, ya que anteriormente quien fung\u00eda como presidente Manuel Huerta Ladr\u00f3n de Guevara, renunci\u00f3 a este cargo para ocupar la delegaci\u00f3n de Bienestar en el estado y ahora sin secretario general, quien confirm\u00f3 oficialmente su renuncia al partido.<\/p>\n<p>Por tal motivo, los integrantes que quedan de la dirigencia estatal morenista habr\u00e1n de decidir qui\u00e9n asume las funciones de manera interina, en tanto el CEN designa al delegado que estar\u00e1 a cargo del partido en la entidad y tendr\u00e1 la responsabilidad de sacar adelante los procesos electorales en ciernes.<\/p>\n<p>Por otro lado, se dio a conocer que este jueves, Vicencio Flores, junto con su allegados, formalizar\u00e1n su ingreso al Partido Fuerza por M\u00e9xico, que en el estado de Veracruz encabeza Eduardo Vega Yunes, durante un evento, a desarrollarse en conocido sal\u00f3n de la ciudad de Coatepec, se prev\u00e9 lo encabeza el dirigente nacional Gerardo Islas Maldonado.<\/p>\n<p>En dicho acto, Vicencio Flores tomar\u00e1 protesta como delegado del Comit\u00e9 Ejecutivo Nacional de este partido de reciente creaci\u00f3n y ser\u00e1 presentada como Secretaria General adjunta de la dirigencia nacional a Regina Vasquez Saut.<\/p>\n<p>Con esta determinaci\u00f3n, se prev\u00e9 una desbandada de las huestes morenistas afines a Gonzalo Vicencio, al no comulgar con la ideolog\u00eda de quienes estar\u00e1n ahora al frente de Morena en la entidad.<\/p>\n","protected":false},"excerpt":{"rendered":"<p>Este jueves rendir\u00e1 protesta como delegado nacional del CEN de Fuerza por M\u00e9xico ante el dirigente Gerardo Islas Maldonado \u00a0Irineo P\u00e9rez Melo.- Luego de varios de haber amagado con dejar las filas del Partido Movimiento de Regeneraci\u00f3n Nacional (Morena), este mi\u00e9rcoles se confirm\u00f3 la salida de Gonzalo Vicencio Flores a dicho instituto pol\u00edtico y anunci\u00f3 que asumir\u00e1 el nombramiento de Delegado Nacional del Partido Fuerza por M\u00e9xico en el estado de Veracruz. Quien fungi\u00f3 como Secretario General del Comit\u00e9 Directivo Estatal de Morena en la entidad, y ser habilitado como presidente del mismo seg\u00fan acuerdo de fecha 2 de noviembre [&hellip;]<\/p>\n","protected":false},"author":1,"featured_media":7540,"comment_status":"open","ping_status":"open","sticky":false,"template":"","format":"standard","meta":[],"categories":[11],"tags":[],"_links":{"self":[{"href":"http:\/\/www.impactohuasteco.com\/index.php?rest_route=\/wp\/v2\/posts\/7539"}],"collection":[{"href":"http:\/\/www.impactohuasteco.com\/index.php?rest_route=\/wp\/v2\/posts"}],"about":[{"href":"http:\/\/www.impactohuasteco.com\/index.php?rest_route=\/wp\/v2\/types\/post"}],"author":[{"embeddable":true,"href":"http:\/\/www.impactohuasteco.com\/index.php?rest_route=\/wp\/v2\/users\/1"}],"replies":[{"embeddable":true,"href":"http:\/\/www.impactohuasteco.com\/index.php?rest_route=%2Fwp%2Fv2%2Fcomments&post=7539"}],"version-history":[{"count":3,"href":"http:\/\/www.impactohuasteco.com\/index.php?rest_route=\/wp\/v2\/posts\/7539\/revisions"}],"predecessor-version":[{"id":7544,"href":"http:\/\/www.impactohuasteco.com\/index.php?rest_route=\/wp\/v2\/posts\/7539\/revisions\/7544"}],"wp:featuredmedia":[{"embeddable":true,"href":"http:\/\/www.impactohuasteco.com\/index.php?rest_route=\/wp\/v2\/media\/7540"}],"wp:attachment":[{"href":"http:\/\/www.impactohuasteco.com\/index.php?rest_route=%2Fwp%2Fv2%2Fmedia&parent=7539"}],"wp:term":[{"taxonomy":"category","embeddable":true,"href":"http:\/\/www.impactohuasteco.com\/index.php?rest_route=%2Fwp%2Fv2%2Fcategories&post=7539"},{"taxonomy":"post_tag","embeddable":true,"href":"http:\/\/www.impactohuasteco.com\/index.php?rest_route=%2Fwp%2Fv2%2Ftags&post=7539"}],"curies":[{"name":"wp","href":"https:\/\/api.w.org\/{rel}","templated":true}]}}