{"id":7831,"date":"2021-03-13T04:05:37","date_gmt":"2021-03-13T04:05:37","guid":{"rendered":"http:\/\/www.impactohuasteco.com\/?p=7831"},"modified":"2021-03-13T04:05:37","modified_gmt":"2021-03-13T04:05:37","slug":"en-la-vacuna-anticovid-debe-priorizarse-su-aplicacion-a-personas-con-discapacidad","status":"publish","type":"post","link":"http:\/\/www.impactohuasteco.com\/?p=7831","title":{"rendered":"EN LA VACUNA ANTICOVID DEBE PRIORIZARSE    SU APLICACI\u00d3N A PERSONAS CON DISCAPACIDAD"},"content":{"rendered":"<ul>\n<li><strong>La estrategia de vacunaci\u00f3n que realizan los gobiernos federal y estatal en la entidad, no contempla a este sector: Acosta Hern\u00e1ndez.\u00a0<\/strong><\/li>\n<\/ul>\n<p>Irineo P\u00e9rez Melo.- Las autoridades federales y estatales de Veracruz deben priorizar a las personas con discapacidad para ser vacunadas contra la pandemia del COVID-19 a la brevedad posible, plante\u00f3 Jos\u00e9 Acosta, secretario de Personas con Discapacidad del Partido Unidad Ciudadana (PUC).<br \/>\nEn conferencia de prensa, en la que participo de manera virtual Jos\u00e9 Arturo Acosta Hern\u00e1ndez hizo este llamado al presidente Andr\u00e9s Manuel L\u00f3pez Obrador; al secretario de Salud en el pa\u00eds, Jorge Carlos Alcocer Varela; al gobernador Cuitl\u00e1huac Garc\u00eda Jim\u00e9nez y al secretario de Salud en la entidad, Roberto Ramos Alor.<\/p>\n<p><img loading=\"lazy\" class=\"alignleft  wp-image-7833\" src=\"http:\/\/www.impactohuasteco.com\/wp-content\/uploads\/2021\/03\/thumbnail_PUC-2-300x225.jpg\" alt=\"\" width=\"586\" height=\"439\" srcset=\"http:\/\/www.impactohuasteco.com\/wp-content\/uploads\/2021\/03\/thumbnail_PUC-2-300x225.jpg 300w, http:\/\/www.impactohuasteco.com\/wp-content\/uploads\/2021\/03\/thumbnail_PUC-2-1024x768.jpg 1024w, http:\/\/www.impactohuasteco.com\/wp-content\/uploads\/2021\/03\/thumbnail_PUC-2-768x576.jpg 768w, http:\/\/www.impactohuasteco.com\/wp-content\/uploads\/2021\/03\/thumbnail_PUC-2-400x300.jpg 400w, http:\/\/www.impactohuasteco.com\/wp-content\/uploads\/2021\/03\/thumbnail_PUC-2-800x600.jpg 800w, http:\/\/www.impactohuasteco.com\/wp-content\/uploads\/2021\/03\/thumbnail_PUC-2.jpg 1040w\" sizes=\"(max-width: 586px) 100vw, 586px\" \/><\/p>\n<p>En la rueda de prensa, que fue seguida por el secretario general del comit\u00e9 directivo estatal de este instituto pol\u00edtico, Francisco Toriz, destac\u00f3 que la Estrategia de Vacunaci\u00f3n no prioriz\u00f3 a los sectores que tambi\u00e9n \u201cpresentan una alta vulnerabilidad, como es el caso de las personas con discapacidad, que requieren de asistencia personal para realizar diversas tareas cotidianas, esto implica un mayor riesgo de contagio por el contacto que tienen con posibles infectados por el virus\u00bb. \u00a0<a href=\"http:\/\/www.impactohuasteco.com\/wp-content\/uploads\/2021\/03\/thumbnail_PUC.jpg\"><img loading=\"lazy\" class=\"alignleft  wp-image-7834\" src=\"http:\/\/www.impactohuasteco.com\/wp-content\/uploads\/2021\/03\/thumbnail_PUC-300x225.jpg\" alt=\"\" width=\"540\" height=\"405\" srcset=\"http:\/\/www.impactohuasteco.com\/wp-content\/uploads\/2021\/03\/thumbnail_PUC-300x225.jpg 300w, http:\/\/www.impactohuasteco.com\/wp-content\/uploads\/2021\/03\/thumbnail_PUC-1024x768.jpg 1024w, http:\/\/www.impactohuasteco.com\/wp-content\/uploads\/2021\/03\/thumbnail_PUC-768x576.jpg 768w, http:\/\/www.impactohuasteco.com\/wp-content\/uploads\/2021\/03\/thumbnail_PUC-400x300.jpg 400w, http:\/\/www.impactohuasteco.com\/wp-content\/uploads\/2021\/03\/thumbnail_PUC-800x600.jpg 800w, http:\/\/www.impactohuasteco.com\/wp-content\/uploads\/2021\/03\/thumbnail_PUC.jpg 1040w\" sizes=\"(max-width: 540px) 100vw, 540px\" \/><\/a><\/p>\n<p>Precis\u00f3 que, en Veracruz, el 19.13 por ciento de la poblaci\u00f3n total en este estado, que equivale a m\u00e1s de un mill\u00f3n y medio de personas, tienen alguna discapacidad de acuerdo al INEGI.<\/p>\n<p>\u00abEs primordial e inaplazable que se definan medidas efectivas para que las personas con discapacidad sean vacunadas en lo inmediato\u00bb insisti\u00f3.<\/p>\n<p>Consider\u00f3 que si bien se est\u00e1 desarrollando un despliegue a nivel nacional, para garantizar la vacunaci\u00f3n contra el coronavirus se aplique de la mejor forma en el pa\u00eds la estrategia de la federaci\u00f3n no prioriz\u00f3 a los sectores como es el caso de las personas con discapacidad.<\/p>\n<p>Por tal motivo, demand\u00f3 la creaci\u00f3n de estrategias con ajustes razonables que aseguren el proceso de vacunaci\u00f3n a este sector tan relegado y que se tomen en cuenta cuestiones tan importantes como los elementos b\u00e1sicos de accesibilidad a inmuebles, donde se est\u00e1 aplicando la vacuna \u00a0contra la COVID-19 y la capacitaci\u00f3n al personal encargado de atender a esta poblaci\u00f3n.<\/p>\n<p>A su vez, Francisco Toriz, se sum\u00f3 a este planteamiento para que tambi\u00e9n sean incluidas en la vacunaci\u00f3n de manera inmediata \u201cporque es un sector de alta vulnerabilidad, de permitir que participen de manera significativa en la formulaci\u00f3n de pol\u00edticas sobre la distribuci\u00f3n de vacunas y sus procesos relacionados.<\/p>\n<p>&nbsp;<\/p>\n","protected":false},"excerpt":{"rendered":"<p>La estrategia de vacunaci\u00f3n que realizan los gobiernos federal y estatal en la entidad, no contempla a este sector: Acosta Hern\u00e1ndez.\u00a0 Irineo P\u00e9rez Melo.- Las autoridades federales y estatales de Veracruz deben priorizar a las personas con discapacidad para ser vacunadas contra la pandemia del COVID-19 a la brevedad posible, plante\u00f3 Jos\u00e9 Acosta, secretario de Personas con Discapacidad del Partido Unidad Ciudadana (PUC). En conferencia de prensa, en la que participo de manera virtual Jos\u00e9 Arturo Acosta Hern\u00e1ndez hizo este llamado al presidente Andr\u00e9s Manuel L\u00f3pez Obrador; al secretario de Salud en el pa\u00eds, Jorge Carlos Alcocer Varela; al gobernador [&hellip;]<\/p>\n","protected":false},"author":1,"featured_media":7832,"comment_status":"open","ping_status":"open","sticky":false,"template":"","format":"standard","meta":[],"categories":[11],"tags":[],"_links":{"self":[{"href":"http:\/\/www.impactohuasteco.com\/index.php?rest_route=\/wp\/v2\/posts\/7831"}],"collection":[{"href":"http:\/\/www.impactohuasteco.com\/index.php?rest_route=\/wp\/v2\/posts"}],"about":[{"href":"http:\/\/www.impactohuasteco.com\/index.php?rest_route=\/wp\/v2\/types\/post"}],"author":[{"embeddable":true,"href":"http:\/\/www.impactohuasteco.com\/index.php?rest_route=\/wp\/v2\/users\/1"}],"replies":[{"embeddable":true,"href":"http:\/\/www.impactohuasteco.com\/index.php?rest_route=%2Fwp%2Fv2%2Fcomments&post=7831"}],"version-history":[{"count":1,"href":"http:\/\/www.impactohuasteco.com\/index.php?rest_route=\/wp\/v2\/posts\/7831\/revisions"}],"predecessor-version":[{"id":7835,"href":"http:\/\/www.impactohuasteco.com\/index.php?rest_route=\/wp\/v2\/posts\/7831\/revisions\/7835"}],"wp:featuredmedia":[{"embeddable":true,"href":"http:\/\/www.impactohuasteco.com\/index.php?rest_route=\/wp\/v2\/media\/7832"}],"wp:attachment":[{"href":"http:\/\/www.impactohuasteco.com\/index.php?rest_route=%2Fwp%2Fv2%2Fmedia&parent=7831"}],"wp:term":[{"taxonomy":"category","embeddable":true,"href":"http:\/\/www.impactohuasteco.com\/index.php?rest_route=%2Fwp%2Fv2%2Fcategories&post=7831"},{"taxonomy":"post_tag","embeddable":true,"href":"http:\/\/www.impactohuasteco.com\/index.php?rest_route=%2Fwp%2Fv2%2Ftags&post=7831"}],"curies":[{"name":"wp","href":"https:\/\/api.w.org\/{rel}","templated":true}]}}