{"id":9608,"date":"2021-09-21T05:01:03","date_gmt":"2021-09-21T05:01:03","guid":{"rendered":"http:\/\/www.impactohuasteco.com\/?p=9608"},"modified":"2021-09-21T05:01:03","modified_gmt":"2021-09-21T05:01:03","slug":"se-manifiestan-agremiados-del-mmpv-en-la-sev-denuncian-incumplimiento-de-acuerdos-sostenidos-con-funcionarios","status":"publish","type":"post","link":"http:\/\/www.impactohuasteco.com\/?p=9608","title":{"rendered":"SE MANIFIESTAN AGREMIADOS DEL MMPV EN LA SEV, DENUNCIAN   INCUMPLIMIENTO DE ACUERDOS SOSTENIDOS CON FUNCIONARIOS"},"content":{"rendered":"<ul>\n<li><strong>Docentes del sector de Ixhuatl\u00e1n de Madero son reprimidos por representantes del sindicato mayoritario y las autoridades del ramo son complacientes.<\/strong><\/li>\n<\/ul>\n<p>Irineo P\u00e9rez Melo.- Integrantes del Movimiento Magisterial Popular Veracruzano (MMPV) se manifestaron en el acceso principal de las oficinas centrales de la Secretar\u00eda de Educaci\u00f3n de Veracruz (SEV) para exigir el cumplimiento de los acuerdos que han sostenido con las autoridades de esta dependencia gubernamental.<\/p>\n<p>Daniel Hern\u00e1ndez del \u00c1ngel, dirigente estatal del MMPV, dio a conocer que en esta ocasi\u00f3n lo que los trae a la SEV es para denunciar la represi\u00f3n que est\u00e1n sufriendo agremiados de esta organizaci\u00f3n ubicados en el sector 15 de Ixhuatl\u00e1n de Madero por parte del sindicato titular de las condiciones generales de trabajo y que las autoridades del ramo han sido complacientes.<br \/>\n<a href=\"http:\/\/www.impactohuasteco.com\/wp-content\/uploads\/2021\/09\/thumbnail_MMPV.jpg\"><img loading=\"lazy\" class=\"alignleft  wp-image-9610\" src=\"http:\/\/www.impactohuasteco.com\/wp-content\/uploads\/2021\/09\/thumbnail_MMPV-300x139.jpg\" alt=\"\" width=\"798\" height=\"370\" srcset=\"http:\/\/www.impactohuasteco.com\/wp-content\/uploads\/2021\/09\/thumbnail_MMPV-300x139.jpg 300w, http:\/\/www.impactohuasteco.com\/wp-content\/uploads\/2021\/09\/thumbnail_MMPV-1024x473.jpg 1024w, http:\/\/www.impactohuasteco.com\/wp-content\/uploads\/2021\/09\/thumbnail_MMPV-768x355.jpg 768w, http:\/\/www.impactohuasteco.com\/wp-content\/uploads\/2021\/09\/thumbnail_MMPV-400x185.jpg 400w, http:\/\/www.impactohuasteco.com\/wp-content\/uploads\/2021\/09\/thumbnail_MMPV.jpg 1152w\" sizes=\"(max-width: 798px) 100vw, 798px\" \/><\/a><br \/>\n\u201cHay acuerdos que se tomaron con (el titular) de la SEV para que los compa\u00f1eros puedan laborar libremente con todas las condiciones en sus jefaturas de sector, pero la parte oficial y maestros del sindicato mayoritario no han respetado los acuerdos y han sido consecuentes\u201d, acus\u00f3.<\/p>\n<p>Por ello, pidi\u00f3 que les den un espacio, se les brinde la atenci\u00f3n y que los acuerdos que se tomen con las autoridades correspondientes sean respetados.<\/p>\n<p>Los agremiados del MMPV laboran en localidades del municipio de Ixhuatl\u00e1n de Madero y Tlachichilco, entre otro del norte del estado de Veracruz, quienes laboran en las diferentes modalidades educativas y han sido objeto del acoso por parte de los representantes sindicales oficiales.<\/p>\n<p>En la manifestaci\u00f3n el dirigente magisterial estuvo acompa\u00f1ado de autoridades escolares y jefes de sector, quienes denunciaron el acoso sufrido por los representes del sindicato mayoritario y que a pesar de haberse denunciado oportunamente, las autoridades educativas nada han hecho para solucionar el problema.<\/p>\n<p>Dijo que se han tenido reuniones de trabajo, se llegan a acuerdos, pero que \u00e9stos no se cumplen por parte de los funcionarios involucrados, por lo que decidieron manifestarse en las oficinas centrales de la SEV para \u201cque nos otorguen un espacio para dialogar, solo queremos soluciones, ya no queremos pl\u00e1ticas y que se tengan acuerdos, y que cuando lleguemos a nuestras zonas seamos reprimidos\u201d.<\/p>\n","protected":false},"excerpt":{"rendered":"<p>Docentes del sector de Ixhuatl\u00e1n de Madero son reprimidos por representantes del sindicato mayoritario y las autoridades del ramo son complacientes. Irineo P\u00e9rez Melo.- Integrantes del Movimiento Magisterial Popular Veracruzano (MMPV) se manifestaron en el acceso principal de las oficinas centrales de la Secretar\u00eda de Educaci\u00f3n de Veracruz (SEV) para exigir el cumplimiento de los acuerdos que han sostenido con las autoridades de esta dependencia gubernamental. Daniel Hern\u00e1ndez del \u00c1ngel, dirigente estatal del MMPV, dio a conocer que en esta ocasi\u00f3n lo que los trae a la SEV es para denunciar la represi\u00f3n que est\u00e1n sufriendo agremiados de esta organizaci\u00f3n [&hellip;]<\/p>\n","protected":false},"author":1,"featured_media":9609,"comment_status":"open","ping_status":"open","sticky":false,"template":"","format":"standard","meta":[],"categories":[11],"tags":[],"_links":{"self":[{"href":"http:\/\/www.impactohuasteco.com\/index.php?rest_route=\/wp\/v2\/posts\/9608"}],"collection":[{"href":"http:\/\/www.impactohuasteco.com\/index.php?rest_route=\/wp\/v2\/posts"}],"about":[{"href":"http:\/\/www.impactohuasteco.com\/index.php?rest_route=\/wp\/v2\/types\/post"}],"author":[{"embeddable":true,"href":"http:\/\/www.impactohuasteco.com\/index.php?rest_route=\/wp\/v2\/users\/1"}],"replies":[{"embeddable":true,"href":"http:\/\/www.impactohuasteco.com\/index.php?rest_route=%2Fwp%2Fv2%2Fcomments&post=9608"}],"version-history":[{"count":2,"href":"http:\/\/www.impactohuasteco.com\/index.php?rest_route=\/wp\/v2\/posts\/9608\/revisions"}],"predecessor-version":[{"id":9612,"href":"http:\/\/www.impactohuasteco.com\/index.php?rest_route=\/wp\/v2\/posts\/9608\/revisions\/9612"}],"wp:featuredmedia":[{"embeddable":true,"href":"http:\/\/www.impactohuasteco.com\/index.php?rest_route=\/wp\/v2\/media\/9609"}],"wp:attachment":[{"href":"http:\/\/www.impactohuasteco.com\/index.php?rest_route=%2Fwp%2Fv2%2Fmedia&parent=9608"}],"wp:term":[{"taxonomy":"category","embeddable":true,"href":"http:\/\/www.impactohuasteco.com\/index.php?rest_route=%2Fwp%2Fv2%2Fcategories&post=9608"},{"taxonomy":"post_tag","embeddable":true,"href":"http:\/\/www.impactohuasteco.com\/index.php?rest_route=%2Fwp%2Fv2%2Ftags&post=9608"}],"curies":[{"name":"wp","href":"https:\/\/api.w.org\/{rel}","templated":true}]}}