{"id":9652,"date":"2021-09-23T02:26:17","date_gmt":"2021-09-23T02:26:17","guid":{"rendered":"http:\/\/www.impactohuasteco.com\/?p=9652"},"modified":"2021-09-23T02:26:17","modified_gmt":"2021-09-23T02:26:17","slug":"veracruz-perderia-un-distrito-electoral-federal-para-las-elecciones-del-2024","status":"publish","type":"post","link":"http:\/\/www.impactohuasteco.com\/?p=9652","title":{"rendered":"VERACRUZ PERDER\u00cdA UN DISTRITO ELECTORAL   FEDERAL PARA LAS ELECCIONES DEL 2024"},"content":{"rendered":"<ul>\n<li><strong>INE inicio proceso de redistritaci\u00f3n y reconfiguraci\u00f3n de la geograf\u00eda electoral a utilizarse en comicios del 2024: Sergio Olvera.\u00a0<\/strong><\/li>\n<\/ul>\n<p><strong>Irineo P\u00e9rez Melo.- El estado de Veracruz perder\u00eda un distrito federal electoral al realizarse la redistritaci\u00f3n y reconfigurar la geograf\u00eda electoral que llevar\u00e1 a cabo el Instituto Nacional Electoral (INE), derivado del crecimiento y la movilidad poblacional que se ha venido dando en los \u00faltimos a\u00f1os, asegur\u00f3 Sergio Vera Olvera, Vocal del Registro Federal Electoral (RFE) en la entidad veracruzana.\u00a0<\/strong><strong><\/p>\n<p><\/strong><strong>En entrevista, el funcionario federal admiti\u00f3 que est\u00e1 reconfiguraci\u00f3n no afectar\u00e1 la distritaci\u00f3n electoral local, e indic\u00f3 que se mantendr\u00e1n los 30 distritos en los que se encuentra dividido el estado, tal y como est\u00e1 establecido en la Constituci\u00f3n Pol\u00edtica local, pero debe haber una reconfiguraci\u00f3n del pol\u00edgono de cada distrito.\u00a0<\/strong><strong><\/p>\n<p><\/strong><strong>En ese tenor, dijo que, siguiendo ese principio de equilibrio, cada uno de los 30 distritos electorales locales que tenga el mismo n\u00famero de poblaci\u00f3n a su interior.\u00a0<\/strong><strong><\/p>\n<p><\/strong><strong>Explic\u00f3 que este proceso se da una vez que concluye el proceso electoral federal y respaldado en los datos que da el Censo Nacional de Poblaci\u00f3n y Vivienda, el cual es un ejercicio t\u00e9cnico y no pol\u00edtico, al no permitir la interacci\u00f3n no llegar a acuerdos con las diferentes fuerzas pol\u00edticas para ver c\u00f3mo quedan los distritos electorales.\u00a0<\/strong><strong><\/p>\n<p><\/strong><strong>El Vocal del RFE se\u00f1al\u00f3 que el proceso a realizarse consiste en ir aglutinando los municipios completos donde se pueda empatar e ir conformando los pol\u00edgonos, dependiendo la poblaci\u00f3n que se tiene y adem\u00e1s, consultar a los pueblos originarios que est\u00e9n conformados en un mismo distrito.\u00a0<\/strong><strong><\/p>\n<p><\/strong><strong>Expuso que para ello se tienen que realizar foros de consulta estatal en d\u00f3nde participe la poblaci\u00f3n en general y un foro donde habl\u00e9 la poblaci\u00f3n ind\u00edgena.\u00a0<\/strong><strong><\/p>\n<p><\/strong><strong>Respecto del distrito que pudiera desaparecer, se tiene que hacer un ejercicio matem\u00e1tico para sacar el promedio para ver cu\u00e1ntos habitantes debe tener cada pol\u00edgono, \u201cpor lo que no hablo de distritos ni de cabeceras municipales, porque se pueden mover las cabeceras distritales\u201d.\u00a0<\/strong><strong><\/p>\n<p><\/strong><strong>Puso como ejemplo la capital veracruzana que actualmente tiene dos distritos federales electorales, al hacer la media entre los 8 millones de habitantes entre 19, a lo mejor a Xalapa solo le alcance para un distrito y todo lo que es el municipio de Emiliano Zapata y los dem\u00e1s municipios, a lo mejor conforman otro distrito, pero es un supuesto que se definir\u00e1 cuando se realice el proceso de redistritaci\u00f3n.\u00a0<\/strong><strong><\/p>\n<p><\/strong><strong>Con esto, dijo, tambi\u00e9n se tendr\u00e1n que reconformar las cinco circunscripciones plurinominales, para que los 20 legisladores que se eligen por esta v\u00eda, tambi\u00e9n sean electos en igualdad de circunstancias y se definan las entidades federativas que la integrar\u00e1n para que sean representados en la C\u00e1mara de Diputados.\u00a0<\/strong><strong><\/p>\n<p><\/strong><strong>Reiter\u00f3 que est\u00e1 acci\u00f3n est\u00e1 estipulado en el art\u00edculo 53 Constitucional y se har\u00e1 en base a los resultados que arroj\u00f3 el Censo de Poblaci\u00f3n y Vivienda del 2020 y el INEGI entrego los resultados en enero de este a\u00f1o, para lo cual ya se integr\u00f3 un Comit\u00e9 T\u00e9cnico, integrad en su mayor\u00eda por cient\u00edficos de la UNAM.\u00a0<\/strong><\/p>\n<p><strong>En el caso de Veracruz, dijo por \u00faltimo, de darse este supuesto, una junta distrital se mover\u00eda a otra entidad federativa, porque hay estados que pierden y le otros que ganan, el cual Veracruz ya lo ha vivido en tres ocasiones, al moverse en una ocasi\u00f3n a Playa del Carmen y otra a Tamaulipas, pero esto tiene que quedar en el 2023, para ser aplicada la geograf\u00eda electoral en las elecciones federales y locales del 2024.<\/strong><\/p>\n","protected":false},"excerpt":{"rendered":"<p>INE inicio proceso de redistritaci\u00f3n y reconfiguraci\u00f3n de la geograf\u00eda electoral a utilizarse en comicios del 2024: Sergio Olvera.\u00a0 Irineo P\u00e9rez Melo.- El estado de Veracruz perder\u00eda un distrito federal electoral al realizarse la redistritaci\u00f3n y reconfigurar la geograf\u00eda electoral que llevar\u00e1 a cabo el Instituto Nacional Electoral (INE), derivado del crecimiento y la movilidad poblacional que se ha venido dando en los \u00faltimos a\u00f1os, asegur\u00f3 Sergio Vera Olvera, Vocal del Registro Federal Electoral (RFE) en la entidad veracruzana.\u00a0 En entrevista, el funcionario federal admiti\u00f3 que est\u00e1 reconfiguraci\u00f3n no afectar\u00e1 la distritaci\u00f3n electoral local, e indic\u00f3 que se mantendr\u00e1n los [&hellip;]<\/p>\n","protected":false},"author":1,"featured_media":9653,"comment_status":"open","ping_status":"open","sticky":false,"template":"","format":"standard","meta":[],"categories":[11],"tags":[],"_links":{"self":[{"href":"http:\/\/www.impactohuasteco.com\/index.php?rest_route=\/wp\/v2\/posts\/9652"}],"collection":[{"href":"http:\/\/www.impactohuasteco.com\/index.php?rest_route=\/wp\/v2\/posts"}],"about":[{"href":"http:\/\/www.impactohuasteco.com\/index.php?rest_route=\/wp\/v2\/types\/post"}],"author":[{"embeddable":true,"href":"http:\/\/www.impactohuasteco.com\/index.php?rest_route=\/wp\/v2\/users\/1"}],"replies":[{"embeddable":true,"href":"http:\/\/www.impactohuasteco.com\/index.php?rest_route=%2Fwp%2Fv2%2Fcomments&post=9652"}],"version-history":[{"count":1,"href":"http:\/\/www.impactohuasteco.com\/index.php?rest_route=\/wp\/v2\/posts\/9652\/revisions"}],"predecessor-version":[{"id":9654,"href":"http:\/\/www.impactohuasteco.com\/index.php?rest_route=\/wp\/v2\/posts\/9652\/revisions\/9654"}],"wp:featuredmedia":[{"embeddable":true,"href":"http:\/\/www.impactohuasteco.com\/index.php?rest_route=\/wp\/v2\/media\/9653"}],"wp:attachment":[{"href":"http:\/\/www.impactohuasteco.com\/index.php?rest_route=%2Fwp%2Fv2%2Fmedia&parent=9652"}],"wp:term":[{"taxonomy":"category","embeddable":true,"href":"http:\/\/www.impactohuasteco.com\/index.php?rest_route=%2Fwp%2Fv2%2Fcategories&post=9652"},{"taxonomy":"post_tag","embeddable":true,"href":"http:\/\/www.impactohuasteco.com\/index.php?rest_route=%2Fwp%2Fv2%2Ftags&post=9652"}],"curies":[{"name":"wp","href":"https:\/\/api.w.org\/{rel}","templated":true}]}}